{"id":1001,"date":"2024-12-03T18:01:02","date_gmt":"2024-12-03T17:01:02","guid":{"rendered":"https:\/\/www.saintriquierautrement.fr\/?p=1001"},"modified":"2026-01-21T17:48:50","modified_gmt":"2026-01-21T16:48:50","slug":"conseil-municipal-du-26-novembre-2024-ce-qui-sy-est-dit","status":"publish","type":"post","link":"https:\/\/www.saintriquierautrement.fr\/index.php\/2024\/12\/03\/conseil-municipal-du-26-novembre-2024-ce-qui-sy-est-dit\/","title":{"rendered":"Conseil municipal du 26 novembre 2024, ce qui s&#8217;y est dit"},"content":{"rendered":"\n<p class=\"has-medium-font-size\"><em><strong>La question de l&#8217;eau a \u00e9t\u00e9 particuli\u00e8rement pr\u00e9sente lors de ce conseil municipal. Un sujet qui engage financi\u00e8rement la commune comme les citoyens.<\/strong><\/em><\/p>\n\n\n\n<p><\/p>\n\n\n\n<p><strong>Pr\u00e9sents&nbsp;:<\/strong> J.FARCY, V.LECOMTE, D.BALAVOINE, P.BUTEUX, C.DAMAGNEZ, Y.MONIN, M-L.SAVREUX, M. CAGNARD, A.M BECHET, L. JOSSE, J. MARTIN, H. LEVE, S.DUHEN, L.NIVELLE<\/p>\n\n\n\n<p><strong>Absents&nbsp;:<\/strong> L. BALESDENT<\/p>\n\n\n\n<p><strong>Secr\u00e9taire de s\u00e9ance&nbsp;:<\/strong> S.DUHEN<\/p>\n\n\n\n<h2 class=\"wp-block-heading has-text-color has-link-color wp-elements-5f14fcfc6c32348a2e3f9bcc0153ac35\" style=\"color:#5d038a\">Ordre du jour<\/h2>\n\n\n\n<h3 class=\"wp-block-heading has-black-color has-text-color has-background has-link-color wp-elements-d4ae634630eaf23a4ca4d8a48813f4e0\" style=\"background-color:#b237fa38\"><strong>Election du secr\u00e9taire de s\u00e9ance<\/strong><\/h3>\n\n\n\n<p>Sophie DUHEN est nomm\u00e9e secr\u00e9taire de s\u00e9ance.<\/p>\n\n\n\n<h3 class=\"wp-block-heading has-background\" style=\"background-color:#b237fa38\"><strong>Approbation du PV de la r\u00e9union pr\u00e9c\u00e9dente<\/strong><\/h3>\n\n\n\n<p>Adopt\u00e9 14 voix<\/p>\n\n\n\n<h3 class=\"wp-block-heading has-background\" style=\"background-color:#b237fa38\"><strong>Service assainissement<\/strong> : <strong>Surtaxe<\/strong><\/h3>\n\n\n\n<p>Le maire indique que la commune n\u2019a pas de taxe sur la partie fixe des compteurs, mais a une surtaxe sur les m\u00e8tres cubes consomm\u00e9s. Auparavant 120 m cubes consomm\u00e9s contre 95 m\u00e8tres cubes aujourd\u2019hui.<\/p>\n\n\n\n<p>La commune doit d\u00e9lib\u00e9rer sur la station d\u2019\u00e9puration, pour rejeter les eaux us\u00e9es. La redevance de pollution, la modification des r\u00e9seaux de collecte et la prime de performance \u00e9puratoire sont supprim\u00e9es. Les communes peuvent mettre en place une taxe sur la performance d\u2019assainissement.<\/p>\n\n\n\n<p>Le maire indique ne pas vouloir augmenter la cotisation de l\u2019assainissement. Du fait du retrait de ces taxes, se serait 19,95 \u20ac qui seraient retir\u00e9s. Il faut <em>retrouver<\/em> cet argent pour moderniser les r\u00e9seaux, pour faire des travaux sur la station.<\/p>\n\n\n\n<p>Le maire indique vouloir passer la part fixe (abonnement) \u00e0 15 \u20ac et la performance assainissement autoris\u00e9 par l\u2019Agence de l\u2019eau \u00e0 3,33 \u20ac.<\/p>\n\n\n\n<p>II ajoute que s\u2019il ne rentre pas d\u2019argent, il faudra quand m\u00eame faire les travaux, entretenir la station.<\/p>\n\n\n\n<p>Le maire ajoute qu\u2019il faut \u00e9quilibrer et assurer une rentr\u00e9e d\u2019argent avec l\u2019abonnement et non pas sur la consommation d\u2019eau.<\/p>\n\n\n\n<p>Madame Savreux demande si cela concerne toutes les communes, le maire de r\u00e9pondre celles qui ont une station d\u2019\u00e9puration et tous les syndicats d\u2019eau. Le maire ajoute qu\u2019il y a pour 850&nbsp;000&nbsp;\u20ac de travaux de tuyaux \u00e0 changer dans les 4 ans \u00e0 venir, ce qui est impos\u00e9. C\u2019est l\u2019\u00e9volution de la l\u00e9gislation et de l\u2019Agence de l\u2019eau.<\/p>\n\n\n\n<p>La station traite 33&nbsp;000 m\u00e8tres cubes d\u2019eau. Une \u00e9tude va \u00eatre faite sur les captages \u00e0 Oneux, car cela pose probl\u00e8me pour tirer de l\u2019eau et la faire arriver aux usagers de la commune.<\/p>\n\n\n\n<ul class=\"wp-block-list\">\n<li>Proposition du maire\u00a0: part fixe \u00e0 16 \u20ac et part assainissement \u00e0 3,33\u20ac.<\/li>\n<\/ul>\n\n\n\n<p>Adopt\u00e9 14 voix<\/p>\n\n\n\n<h3 class=\"wp-block-heading has-background\" style=\"background-color:#b237fa38\"><strong>Service assainissement<\/strong> : <strong>Prolongation du contrat de DSP (D\u00e9l\u00e9gation de Service Public)<\/strong><\/h3>\n\n\n\n<p>Le contrat d\u2019assainissement arrive \u00e0 \u00e9ch\u00e9ance le 15 janvier 2025. Il faut trouver un maitre d\u2019\u0153uvre, faire les appels d\u2019offre, analyser les offres, y r\u00e9pondre. Il faut donc prolonger le contrat car pas le temps de r\u00e9aliser tout cela en un mois. VEOLIA va adresser un mod\u00e8le pour prolonger de 3 mois, le temps d\u2019analyser les offres.<\/p>\n\n\n\n<p>Adopt\u00e9 14 voix<\/p>\n\n\n\n<h3 class=\"wp-block-heading has-background\" style=\"background-color:#b237fa38\"><strong>RGPD \u2013 Choix d\u2019un d\u00e9l\u00e9gu\u00e9 \u00e0 la protection des donn\u00e9es\u00a0<\/strong><\/h3>\n\n\n\n<p>Il faut trouver un prestataire. Trois devis ont \u00e9t\u00e9 demand\u00e9s&nbsp;: P\u00e9dagofiche, Adico et Data Vigi.<\/p>\n\n\n\n<p>&nbsp;La commune travaille actuellement avec P\u00e9dagofiche.<\/p>\n\n\n\n<p>Les co\u00fbts&nbsp;:<\/p>\n\n\n\n<ul class=\"wp-block-list\">\n<li>P\u00e9dagofiche\u00a0: 348 \u20ac<\/li>\n\n\n\n<li>Adico\u00a0: 756 \u20ac<\/li>\n\n\n\n<li>Data Vigi\u00a0: 490 \u20ac<\/li>\n<\/ul>\n\n\n\n<p>Proposition est faite de choisir P\u00e9dagofiche.<\/p>\n\n\n\n<p>Adopt\u00e9 14 voix<\/p>\n\n\n\n<h3 class=\"wp-block-heading has-background\" style=\"background-color:#b237fa38\"><strong>Convention d\u2019utilisation du domaine public avec le r\u00f4tisseur<\/strong><\/h3>\n\n\n\n<p>Le maire indique que le r\u00f4tisseur install\u00e9 les samedis prend de l\u2019\u00e9lectricit\u00e9 sur le domaine public. Le maire propose de lui faire payer la consommation apr\u00e8s relev\u00e9 du compteur. Le co\u00fbt est d\u2019environ 45 \u00e0 50 \u20ac par mois.<\/p>\n\n\n\n<p>Adopt\u00e9 14 voix<\/p>\n\n\n\n<h3 class=\"wp-block-heading has-background\" style=\"background-color:#b237fa38\"><strong>Quart des investissements<\/strong><\/h3>\n\n\n\n<p>Les investissements ont \u00e9t\u00e9 vot\u00e9s jusque mars 2025. Cependant, des factures resteront \u00e0 r\u00e9gler d\u2019ici la fin de l\u2019ann\u00e9e (entreprises r\u00e9alisant des travaux d\u2019effacement des r\u00e9seaux, le city stade\u2026).<\/p>\n\n\n\n<p>Montant&nbsp;: environ 119&nbsp;000 \u20ac<\/p>\n\n\n\n<p>Adopt\u00e9 14 voix<\/p>\n\n\n\n<h3 class=\"wp-block-heading has-background\" style=\"background-color:#b237fa38\"><strong>Aide aux familles<\/strong><\/h3>\n\n\n\n<p>Le Tr\u00e9sor Public demande \u00e0 la commune de prendre une d\u00e9lib\u00e9ration relative \u00e0 l\u2019aide aux familles. Ces aides sont octroy\u00e9es sur demandes des familles centuloises qui pourraient \u00eatre confront\u00e9es \u00e0 des difficult\u00e9s financi\u00e8res (facture d\u2019eau, bons d\u2019achats alimentaires\u2026).<\/p>\n\n\n\n<p>Adopt\u00e9 14 voix<\/p>\n\n\n\n<h3 class=\"wp-block-heading has-background\" style=\"background-color:#b237fa38\"><strong>F\u00eates et c\u00e9r\u00e9monies<\/strong><\/h3>\n\n\n\n<p>Lors des diverses c\u00e9r\u00e9monies, des bons sont remis (bon d\u2019achat pour les enfants entrant en 6<sup>\u00e8me<\/sup>, prix des maisons fleuries, gerbes d\u00e9pos\u00e9es au Monument aux morts, denr\u00e9es cocktails divers, journ\u00e9es citoyennes, \u2026). Il est demand\u00e9 de prendre une d\u00e9lib\u00e9ration pour cet item.<\/p>\n\n\n\n<p>Adopt\u00e9 14 voix<\/p>\n\n\n\n<h3 class=\"wp-block-heading has-background\" style=\"background-color:#b237fa38\"><strong>D\u00e9l\u00e9gation de pouvoirs au profit d\u2019un adjoint administratif pour l\u2019acquisition d\u2019une parcelle vendue par le SIAEP<\/strong><\/h3>\n\n\n\n<p>Deux antennes sont g\u00e9r\u00e9es par TBF qui paye une taxe au syndicat d\u2019eau. Le syndicat d\u2019eau r\u00e9troc\u00e8de 50% aux communes concern\u00e9es (Saint-Riquier et Coulonvillers). Normalement il devait y avoir une passation de comp\u00e9tences \u00e0 la CCPM (donc l\u2019encaissement devait partir \u00e0 la CCPM). Le maire ne voulait pas donc il y a eu une division cadastrale de l\u2019endroit o\u00f9 est le r\u00e9servoir qui a \u00e9t\u00e9 achet\u00e9 pour un euro symbolique au syndicat d\u2019eau (20m\u00b2) afin de percevoir les montants. Sauf que le maire est \u00e9galement Pr\u00e9sident du Syndicat mixte et ne peut signer l\u2019acte car il y a conflit d\u2019int\u00e9r\u00eat. Comme Monsieur FARCY a une d\u00e9l\u00e9gation de pouvoir il va signer l\u2019acte. L\u2019encaissement des deux antennes repr\u00e9sente un montant de 6&nbsp;000 \u20ac annuel pour la commune. &nbsp;<\/p>\n\n\n\n<p>Adopt\u00e9 14 voix<\/p>\n\n\n\n<h3 class=\"wp-block-heading has-background\" style=\"background-color:#b237fa38\"><strong>Suppression d\u2019un poste adjoint administratif et changement tableau des effectifs<\/strong><\/h3>\n\n\n\n<p>Madame Justine BRAILLY \u00e9tant partie dans une autre collectivit\u00e9, il fallait cr\u00e9er un poste d\u2019adjoint administratif principal pour Madame Laurence DUBOS qui a rejoint la mairie le 1<sup>er<\/sup> octobre dernier.&nbsp;<\/p>\n\n\n\n<p>Il faut mettre le tableau des effectifs \u00e0 jour. Il y a d\u00e9sormais un poste d\u2019adjoint administratif principal, un poste d\u2019adjoint administratif et un poste d\u2019attach\u00e9. <strong>Madame<\/strong> <strong>LECOMTE (SRA)<\/strong> demande si cela est pass\u00e9 au CST (<em>NDRLR&nbsp;: Comit\u00e9 Social Territorial&nbsp;: instance comp\u00e9tente en la mati\u00e8re pour autoriser les suppressions de postes<\/em>). La secr\u00e9taire de mairie r\u00e9pond \u00e0 l\u2019affirmative, cela a \u00e9t\u00e9 sign\u00e9 le 5 septembre.<\/p>\n\n\n\n<p>Adopt\u00e9 14 voix<\/p>\n\n\n\n<h2 class=\"wp-block-heading has-text-color has-link-color wp-elements-a5471da3c7114d56440be33275e061db\" style=\"color:#1a8327\"><strong>Informations \/ Questions diverses<\/strong><\/h2>\n\n\n\n<h4 class=\"wp-block-heading has-background\" style=\"background-color:#affac47d\">D\u00e9c\u00e8s d&#8217;une Centuloise<\/h4>\n\n\n\n<ul class=\"wp-block-list\">\n<li><strong>Monsieur le maire<\/strong> indique le d\u00e9c\u00e8s de Madame MACRON. Elle est aujourd\u2019hui \u00e0 l\u2019h\u00f4pital. Le maire indique qu\u2019elle a une concession sur la commune d\u2019Yvrencheux. Il est demand\u00e9 \u00e0 la commune de lui fournir une s\u00e9pulture descente et ainsi prendre en charge les frais pour la faire inhumer avec son d\u00e9funt mari. Un devis a \u00e9t\u00e9 demand\u00e9 aux pompes fun\u00e8bres\u00a0: co\u00fbt\u00a0de 2\u00a0000 \u20ac. La commune sera rembours\u00e9e lorsque la maison sera vendue.<\/li>\n<\/ul>\n\n\n\n<p>Adopt\u00e9 14 voix<\/p>\n\n\n\n<h4 class=\"wp-block-heading has-background\" style=\"background-color:#affac47d\">S\u00e9curit\u00e9 routi\u00e8re<\/h4>\n\n\n\n<ul class=\"wp-block-list\">\n<li><strong>Madame LECOMTE (SRA) <\/strong>demande pourquoi la zone 30 a \u00e9t\u00e9 \u00e9largie. Le maire de r\u00e9pondre que c\u2019est le D\u00e9partement qui l\u2019a demand\u00e9 pour que les pi\u00e9tons et les cyclistes puissent acc\u00e9der au chemin devant chez Monsieur FARCY. En descendant de la rue du Br\u00fble il y a un m\u00e8tre de trottoir qui n\u2019est pas encore mat\u00e9rialis\u00e9 qui est laiss\u00e9 aux pi\u00e9tons et aux cyclistes. Il faudra que les voitures se garent ailleurs. Il manque le marquage des zones 30. Le maire rappelle qu\u2019une d\u00e9lib\u00e9ration a \u00e9t\u00e9 prise afin que les stops soient remis. \u00a0<strong>Madame LECOMTE (SRA)<\/strong> demande en quelle ann\u00e9e et s\u2019il faut attendre qu\u2019il y ait un mort pour que le marquage du passage pi\u00e9ton soit r\u00e9alis\u00e9. La maire ajoute que les feux ne sont pas bien r\u00e9gl\u00e9s. Le prestataire doit revenir jeudi afin de proc\u00e9der aux bons r\u00e9glages.<\/li>\n<\/ul>\n\n\n\n<h4 class=\"wp-block-heading has-background\" style=\"background-color:#affac47d\">S\u00e9curit\u00e9 pi\u00e9tons<\/h4>\n\n\n\n<ul class=\"wp-block-list\">\n<li><strong>Monsieur BALAVOINE (SRA)<\/strong> demande, suite \u00e0 une sollicitation citoyenne, s\u2019il est possible d\u2019allumer les lumi\u00e8res plus t\u00f4t le matin. Cette demande \u00e9mane d\u2019une personne travaillant \u00e0 l\u2019EPHAD et qui part travailler \u00e0 pied, dans le noir. Le maire indique que s\u2019il allume c\u2019est tout Saint-Riquier qu\u2019il faut allumer. Si cela ne concerne qu\u2019une personne cela ne vaut pas le coup.<\/li>\n<\/ul>\n\n\n\n<h4 class=\"wp-block-heading has-background\" style=\"background-color:#affac47d\">F\u00eates de fin d&#8217;ann\u00e9e<\/h4>\n\n\n\n<ul class=\"wp-block-list\">\n<li><strong>Madame SAVREUX <\/strong>demande si les colis des ain\u00e9s seront bien remis le 13 d\u00e9cembre. Le maire de r\u00e9pondre \u00e0 l\u2019affirmative, \u00e0 la salle multifonction.<\/li>\n\n\n\n<li><strong>Madame DUHEN <\/strong>indique que l\u2019arbre de No\u00ebl aura lieu le samedi 14 d\u00e9cembre, fa\u00e7on drive, \u00e0 la salle des f\u00eates. Les personnes ne pouvant s\u2019y rendre pourront venir retirer les cadeaux des enfants \u00e0 partir du mardi 17 d\u00e9cembre \u00e0 la mairie. Madame MARTIN indique qu\u2019un papier sera distribu\u00e9 dans les bo\u00eetes aux lettres des parents \u00e0 cet effet.<\/li>\n\n\n\n<li><strong>Monsieur le maire <\/strong>indique que le march\u00e9 de No\u00ebl de l\u2019EPHAD se tiendra le 6 d\u00e9cembre, toute la journ\u00e9e. Il ajoute qu\u2019une animation est pay\u00e9e par la mairie le 20 d\u00e9cembre dans la salle des f\u00eates de la maison de retraite.<\/li>\n\n\n\n<li><strong>Monsieur le maire <\/strong>remet des invitations aux conseillers pour assister aux v\u0153ux institutionnels de la mairie qui se tiendront le samedi 4 janvier.<\/li>\n\n\n\n<li><strong>Madame SAVREUX <\/strong>demande s\u2019il y a un concours pour les maisons illumin\u00e9es. Le maire de r\u00e9pondre \u00e0 la n\u00e9gative. Il avait \u00e9t\u00e9 d\u00e9cid\u00e9 de ne plus l\u2019organiser en raison du co\u00fbt de l\u2019\u00e9lectricit\u00e9. Il pr\u00e9cise que les guirlandes de la commune s\u2019illumineront \u00e0 compter du 15 d\u00e9cembre.<\/li>\n<\/ul>\n\n\n\n<h4 class=\"wp-block-heading has-background\" style=\"background-color:#affac47d\">Disponibilit\u00e9 de places en r\u00e9sidence s\u00e9nior<\/h4>\n\n\n\n<ul class=\"wp-block-list\">\n<li><strong>Monsieur FARCY <\/strong>indique qu\u2019il y est invit\u00e9 au repas de No\u00ebl \u00e0 la MARPA de Nouvion, et qu\u2019il y a des logements vacants. (<em>NDLR\u00a0: MARPA\u00a0: r\u00e9sidence s\u00e9nior pour personnes autonomes<\/em>). Monsieur FARCY pr\u00e9cise que le co\u00fbt est compris entre 1\u00a0500 et 1\u00a0600 \u20ac par mois avec la prise en charge d\u2019un repas par jour.<\/li>\n<\/ul>\n\n\n\n<h4 class=\"wp-block-heading has-background\" style=\"background-color:#affac47d\">R\u00e9union d&#8217;information de la gendarmerie<\/h4>\n\n\n\n<ul class=\"wp-block-list\">\n<li><strong>Monsieur le maire<\/strong> indique qu\u2019il a re\u00e7u un mail par le lieutenant de gendarmerie pour une r\u00e9union publique sur des th\u00e8mes que l\u2019on peut choisir ou un th\u00e8me g\u00e9n\u00e9raliste. Monsieur le maire indique qu\u2019il faut avoir un th\u00e8me pour le faire venir, sinon ce n\u2019est pas la peine.<\/li>\n<\/ul>\n\n\n\n<h4 class=\"wp-block-heading has-background\" style=\"background-color:#affac47d\">Club des A\u00een\u00e9s<\/h4>\n\n\n\n<ul class=\"wp-block-list\">\n<li><strong>Madame SAVREUX <\/strong>indique que le repas du club des ain\u00e9s se tiendra le 15 d\u00e9cembre<\/li>\n<\/ul>\n\n\n\n<h4 class=\"wp-block-heading has-background\" style=\"background-color:#affac47d\">La patate chaude ?<\/h4>\n\n\n\n<ul class=\"wp-block-list\">\n<li><strong>Monsieur le maire<\/strong> indique qu\u2019un certain Mathieu CONTE de D\u00e9partement l\u2019a contact\u00e9. Il doit faire des am\u00e9nagements sur la Traverse, mais le maire n\u2019arrive pas \u00e0 le contacter. Il demande \u00e0 Madame MARTIN de le contacter.<\/li>\n<\/ul>\n\n\n\n<h4 class=\"wp-block-heading has-background\" style=\"background-color:#affac47d\">March\u00e9 de No\u00ebl<\/h4>\n\n\n\n<ul class=\"wp-block-list\">\n<li><strong>Monsieur le maire<\/strong> indique que le march\u00e9 de No\u00ebl a bien fonctionn\u00e9. Environ 800 entr\u00e9es.<\/li>\n<\/ul>\n\n\n\n<h4 class=\"wp-block-heading has-background\" style=\"background-color:#affac47d\">Eclairage public<\/h4>\n\n\n\n<ul class=\"wp-block-list\">\n<li><strong>Monsieur le maire <\/strong>indique qu\u2019il y a un probl\u00e8me d\u2019\u00e9clairage au niveau des spots du monument aux morts. Il doit rencontrer l\u2019entreprise SANTERNE pour leur demander un devis.<\/li>\n<\/ul>\n\n\n\n<h4 class=\"wp-block-heading has-background\" style=\"background-color:#affac47d\">Commerce local<\/h4>\n\n\n\n<ul class=\"wp-block-list\">\n<li><strong>Monsieur le maire <\/strong>indique qu\u2019un couple a achet\u00e9 le b\u00e2timent \u00e0 c\u00f4t\u00e9 du presbyt\u00e8re qui appartenait \u00e0 l\u2019\u00e9v\u00each\u00e9, pour y faire deux commerces et des appartements.<\/li>\n<\/ul>\n\n\n\n<h4 class=\"wp-block-heading has-background\" style=\"background-color:#affac47d\">Installation de la fibre<\/h4>\n\n\n\n<ul class=\"wp-block-list\">\n<li><strong>Monsieur le maire <\/strong>indique que le passage de la fibre est rendu compliqu\u00e9 mais que ce n\u2019est pas de son ressort. (<em>NDLR\u00a0: &#8230; bon d&#8217;accord, mais \u00e0 qui s&#8217;adresser alors ?)<\/em><\/li>\n<\/ul>\n\n\n\n<h4 class=\"wp-block-heading has-background\" style=\"background-color:#affac47d\">T\u00e9l\u00e9thon<\/h4>\n\n\n\n<ul class=\"wp-block-list\">\n<li><strong>Madame LECOMTE (SRA) <\/strong>demande si la salle des f\u00eates sera bien mise \u00e0 disposition de l\u2019\u00e9cole vendredi 29 novembre dans le cadre du T\u00e9l\u00e9thon. (<em>NDLR\u00a0: mise \u00e0 disposition de la salle des f\u00eates pour distribuer un go\u00fbter aux \u00e9l\u00e8ves de l\u2019\u00e9cole participant au Marathon du T\u00e9l\u00e9thon<\/em>). Monsieur LEVE indique qu\u2019il a eu le directeur de l\u2019\u00e9cole est qu\u2019il n\u2019y a pas de probl\u00e8me.<\/li>\n\n\n\n<li><strong>Monsieur FARCY<\/strong> ajoute que cette ann\u00e9e les festivit\u00e9s du T\u00e9l\u00e9thon se tiendront samedi et dimanche \u00e0 la Tondelli\u00e8re \u00e0 Bussus-Yaucourt (<em>NDLR\u00a0: suite, derni\u00e8rement \u00e0 la fusion des deux communes<\/em>).<\/li>\n<\/ul>\n\n\n\n<p>Cl\u00f4ture de s\u00e9ance \u00e0 19 h 06.<\/p>\n\n\n\n<p>Etablit par vos \u00e9lus de la liste \u00ab&nbsp;Saint-Riquier Autrement&nbsp;\u00bb&nbsp;:<\/p>\n\n\n\n<ul class=\"wp-block-list\">\n<li>Val\u00e9rie LECOMTE et Daniel BALAVOINE<\/li>\n\n\n\n<li>Publi\u00e9 le 03 d\u00e9cembre 2024<\/li>\n<\/ul>\n\n\n\n<p><\/p>\n","protected":false},"excerpt":{"rendered":"<p>La question de l&#8217;eau a \u00e9t\u00e9 particuli\u00e8rement pr\u00e9sente lors de ce conseil municipal. Un sujet qui engage financi\u00e8rement la commune<\/p>\n","protected":false},"author":4,"featured_media":1000,"comment_status":"open","ping_status":"open","sticky":false,"template":"","format":"standard","meta":{"footnotes":""},"categories":[3,8],"tags":[],"class_list":["post-1001","post","type-post","status-publish","format-standard","has-post-thumbnail","hentry","category-accueil","category-conseilmunicipal"],"_links":{"self":[{"href":"https:\/\/www.saintriquierautrement.fr\/index.php\/wp-json\/wp\/v2\/posts\/1001","targetHints":{"allow":["GET"]}}],"collection":[{"href":"https:\/\/www.saintriquierautrement.fr\/index.php\/wp-json\/wp\/v2\/posts"}],"about":[{"href":"https:\/\/www.saintriquierautrement.fr\/index.php\/wp-json\/wp\/v2\/types\/post"}],"author":[{"embeddable":true,"href":"https:\/\/www.saintriquierautrement.fr\/index.php\/wp-json\/wp\/v2\/users\/4"}],"replies":[{"embeddable":true,"href":"https:\/\/www.saintriquierautrement.fr\/index.php\/wp-json\/wp\/v2\/comments?post=1001"}],"version-history":[{"count":2,"href":"https:\/\/www.saintriquierautrement.fr\/index.php\/wp-json\/wp\/v2\/posts\/1001\/revisions"}],"predecessor-version":[{"id":1003,"href":"https:\/\/www.saintriquierautrement.fr\/index.php\/wp-json\/wp\/v2\/posts\/1001\/revisions\/1003"}],"wp:featuredmedia":[{"embeddable":true,"href":"https:\/\/www.saintriquierautrement.fr\/index.php\/wp-json\/wp\/v2\/media\/1000"}],"wp:attachment":[{"href":"https:\/\/www.saintriquierautrement.fr\/index.php\/wp-json\/wp\/v2\/media?parent=1001"}],"wp:term":[{"taxonomy":"category","embeddable":true,"href":"https:\/\/www.saintriquierautrement.fr\/index.php\/wp-json\/wp\/v2\/categories?post=1001"},{"taxonomy":"post_tag","embeddable":true,"href":"https:\/\/www.saintriquierautrement.fr\/index.php\/wp-json\/wp\/v2\/tags?post=1001"}],"curies":[{"name":"wp","href":"https:\/\/api.w.org\/{rel}","templated":true}]}}