{"id":1029,"date":"2025-10-26T10:16:07","date_gmt":"2025-10-26T09:16:07","guid":{"rendered":"https:\/\/www.saintriquierautrement.fr\/?p=1029"},"modified":"2026-01-27T17:37:02","modified_gmt":"2026-01-27T16:37:02","slug":"le-conseil-decole-becquestoile-du-14-octobre-2025","status":"publish","type":"post","link":"https:\/\/www.saintriquierautrement.fr\/index.php\/2025\/10\/26\/le-conseil-decole-becquestoile-du-14-octobre-2025\/","title":{"rendered":"Le Conseil d&#8217;Ecole Becquestoile du 14 octobre 2025"},"content":{"rendered":"\n<p><strong>Compte-rendu de Val\u00e9rie Lecomte, \u00e9lue de la liste \u00ab\u00a0Saint-Riquier Autrement\u00a0\u00bb au Conseil municipal de Saint-Riquier, repr\u00e9sentant les habitants de Saint-Riquier au Conseil d&#8217;\u00e9cole.<\/strong><\/p>\n\n\n\n<h3 class=\"wp-block-heading has-background\" style=\"background-color:#e3b66f\"><strong>Pr\u00e9sents\u00a0<\/strong><\/h3>\n\n\n\n<p class=\"has-background\" style=\"background-color:#f9e8ce\"><strong>Education Nationale\u00a0:<\/strong><\/p>\n\n\n\n<p>BRUNET Nathalie, BRUNET Isabelle, WATHY Caroline, FACHE DOVERGNE Ludmila, MONPIN\/DORE Fr\u00e9d\u00e9rique, TROUPIN St\u00e9phanie, SAUVAGE Soisic, MENIGAULT Gilles, GARDIN BACHELET Metsy, FARCY Doroth\u00e9e, LAMBERT Arnaud, LORELLE Suzon.<\/p>\n\n\n\n<p class=\"has-background\" style=\"background-color:#f9e8ce\"><strong>DDEN\u00a0:<\/strong> <\/p>\n\n\n\n<p>Mme RAGOT<\/p>\n\n\n\n<p class=\"has-background\" style=\"background-color:#f9e8ce\"><strong>Elus pr\u00e9sents\u00a0:<\/strong><\/p>\n\n\n\n<p>FREMAUT Ludovic, responsable adjoint en charge du p\u00e9riscolaire et de la jeunesse, Communaut\u00e9 de communes Ponthieu Marquenterre (CCPM),<\/p>\n\n\n\n<p>Mairie de Saint-Riquier : Val\u00e9rie LECOMTE, liste SRA,<\/p>\n\n\n\n<p>Mairie de Coulonvillers : Dani\u00e8le HOUDANT,<\/p>\n\n\n\n<p>Mairie de Bussus-Bussuel : Mme BELETTE,<\/p>\n\n\n\n<p class=\"has-background\" style=\"background-color:#f9e8ce\"><strong>Elus absents<\/strong><\/p>\n\n\n\n<p>Mairie de Neuilly l\u2019H\u00f4pital : Mme GEORGES  (absente)<\/p>\n\n\n\n<p>Mairie de Millencourt en Ponthieu : M. GALET  (absent)<\/p>\n\n\n\n<p>Mairie de Cramont M. Bernard SALOPPE (absent)<\/p>\n\n\n\n<p>Mairie d\u2019Oneux : M. BUTEUX Bernard (absente)<\/p>\n\n\n\n<p>Mairie d\u2019Agenvillers : M. JOURNE (absent)<\/p>\n\n\n\n<p class=\"has-background\" style=\"background-color:#f9e8ce\"><strong>Responsable du p\u00e9riscolaire\u00a0: <\/strong><\/p>\n\n\n\n<p>MAUPIN Anne (absente)<\/p>\n\n\n\n<p class=\"has-background\" style=\"background-color:#f9e8ce\"><strong>Parents\u00a0: <\/strong><\/p>\n\n\n\n<p>BELETTE Jessica, <\/p>\n\n\n\n<p>CARBONNIER Fabien, <\/p>\n\n\n\n<p>DUVAUCHELLE M\u00e9lanie, <\/p>\n\n\n\n<p>LEROY Lucie, <\/p>\n\n\n\n<p>LOTTE Marie.<\/p>\n\n\n\n<h3 class=\"wp-block-heading has-background\" style=\"background-color:#e3b66f\"><strong>Pr\u00e9sentation du nouveau conseil d\u2019\u00e9cole\u00a0<\/strong><\/h3>\n\n\n\n<p>Tour de table des enseignants, parents d\u2019\u00e9l\u00e8ves et \u00e9lus pr\u00e9sents.<\/p>\n\n\n\n<h3 class=\"wp-block-heading has-background\" style=\"background-color:#e3b66f\"><strong>Approbation du dernier compte-rendu\u00a0<\/strong><\/h3>\n\n\n\n<p>Adopt\u00e9 \u00e0 l\u2019unanimit\u00e9.<\/p>\n\n\n\n<h3 class=\"wp-block-heading has-background\" style=\"background-color:#e3b66f\"><strong>Effectifs et r\u00e9partitions pour la rentr\u00e9e 2025\/2026<\/strong><\/h3>\n\n\n\n<p>Il y avait une pr\u00e9vision de 236 \u00e9l\u00e8ves en juin. Ce sont 242 \u00e9l\u00e8ves inscrits en septembre.<\/p>\n\n\n\n<p>112 filles et 129 gar\u00e7ons.<\/p>\n\n\n\n<figure class=\"wp-block-table\"><table class=\"has-fixed-layout\"><tbody><tr><td class=\"has-text-align-center\" data-align=\"center\">TPS<\/td><td class=\"has-text-align-center\" data-align=\"center\">PS<\/td><td class=\"has-text-align-center\" data-align=\"center\">MS<\/td><td class=\"has-text-align-center\" data-align=\"center\">GS<\/td><td class=\"has-text-align-center\" data-align=\"center\">CP<\/td><td class=\"has-text-align-center\" data-align=\"center\">CE1<\/td><td class=\"has-text-align-center\" data-align=\"center\">CE2<\/td><td class=\"has-text-align-center\" data-align=\"center\">CM1<\/td><td class=\"has-text-align-center\" data-align=\"center\">CM2<\/td><\/tr><tr><td class=\"has-text-align-center\" data-align=\"center\">4<\/td><td class=\"has-text-align-center\" data-align=\"center\">35<\/td><td class=\"has-text-align-center\" data-align=\"center\">32<\/td><td class=\"has-text-align-center\" data-align=\"center\">21<\/td><td class=\"has-text-align-center\" data-align=\"center\">26<\/td><td class=\"has-text-align-center\" data-align=\"center\">24<\/td><td class=\"has-text-align-center\" data-align=\"center\">34<\/td><td class=\"has-text-align-center\" data-align=\"center\">29<\/td><td class=\"has-text-align-center\" data-align=\"center\">37<\/td><\/tr><\/tbody><\/table><\/figure>\n\n\n\n<figure class=\"wp-block-table\"><table class=\"has-fixed-layout\"><tbody><tr><td class=\"has-text-align-center\" data-align=\"center\"><strong>TOTAL<\/strong>\u00a0: 242 \u00e9l\u00e8ves<\/td><\/tr><\/tbody><\/table><\/figure>\n\n\n\n<h3 class=\"wp-block-heading has-background\" style=\"background-color:#e3b66f\"><strong>Demande des \u00e9l\u00e8ves n\u00e9s en 2023 aux communes<\/strong><\/h3>\n\n\n\n<p>Seulement deux communes ont r\u00e9pondu \u00e0 l\u2019\u00e9cole. Monsieur Lambert va contacter les communes afin d\u2019avoir le nombre d\u2019\u00e9l\u00e8ves.<\/p>\n\n\n\n<h3 class=\"wp-block-heading has-background\" style=\"background-color:#e3b66f\"><strong>Accueil des Toutes Petites Sections (TPS)<\/strong><\/h3>\n\n\n\n<p>Un rappel de cet accueil est effectu\u00e9 pour l\u2019accueil des enfants de moins de 3 ans&nbsp;: avoir 2 ans r\u00e9volus \u00e0 l\u2019entr\u00e9e \u00e0 l\u2019\u00e9cole, \u00eatre n\u00e9 en janvier ou f\u00e9vrier, \u00eatre propre ou en voie de l\u2019\u00eatre. Cet accueil est soumis \u00e0 la capacit\u00e9 d\u2019accueil de l\u2019\u00e9cole, notamment des places dans le dortoir. Pour le moment, pas assez de place disponible. Des lits superpos\u00e9s devraient arriver \u00e0 l\u2019\u00e9cole. Une r\u00e9union est pr\u00e9vue le 21 novembre prochain afin d\u2019\u00e9claircir certains points. Des cloisons dans les WC devaient \u00eatre install\u00e9es afin de s\u00e9parer les gar\u00e7ons des filles. Monsieur Lambert indique adresser les demandes de travaux chaque mois. Monsieur Fr\u00e9maut indique qu\u2019une application devrait voir le jour afin de saisir les demandes de travaux.<\/p>\n\n\n\n<h3 class=\"wp-block-heading has-background\" style=\"background-color:#e3b66f\"><strong>Projet Educatif Territorial (PEDT)<\/strong><\/h3>\n\n\n\n<p>Le bilan \u00e9ducatif devait \u00eatre fait, mais il n\u2019a pas pu \u00eatre r\u00e9alis\u00e9 du fait de l\u2019absence de la directrice du p\u00e9riscolaire.<\/p>\n\n\n\n<h3 class=\"wp-block-heading has-background\" style=\"background-color:#e3b66f\"><strong>Le r\u00f4le, les fonctions des parents d\u2019\u00e9l\u00e8ves\u00a0<\/strong><\/h3>\n\n\n\n<p>Monsieur Carbonnier souhaite rappeler le r\u00f4le des parents d\u2019\u00e9l\u00e8ves \u00e9lus&nbsp;: participation aux conseil d\u2019\u00e9cole, faciliter les relations entre les parents et l\u2019\u00e9cole. Une interrogation demeure&nbsp;: sous quelle forme cela pourrait se concr\u00e9tiser&nbsp;: caf\u00e9 des parents, bo\u00eete aux lettres d\u00e9di\u00e9e, adresse mail sp\u00e9cifique\u2026<\/p>\n\n\n\n<p>Les enseignants indiquent qu\u2019ils ont toujours \u00e9t\u00e9 et se tiennent \u00e9videmment \u00e0 la disposition des parents s\u2019il y a un probl\u00e8me. Les parents d\u2019\u00e9l\u00e8ves font le point entre eux concernant la mani\u00e8re d\u2019\u00eatre le plus efficient. Leur r\u00f4le est de faire remonter les \u00e9l\u00e9ments au niveau global.<\/p>\n\n\n\n<h3 class=\"wp-block-heading has-background\" style=\"background-color:#e3b66f\"><strong>Education \u00e0 la Vie Affective et Relationnelle (EVAR)\u00a0<\/strong><\/h3>\n\n\n\n<p>Cette th\u00e9matique est en rapport avec les nouveaux programmes de l\u2019Education Nationale.<\/p>\n\n\n\n<p>Les objectifs sont les suivants&nbsp;:<\/p>\n\n\n\n<ul class=\"wp-block-list\">\n<li>Apprendre \u00e0 se conna\u00eetre et \u00e0 conna\u00eetre son corps<\/li>\n\n\n\n<li>Am\u00e9liorer le bien-\u00eatre, encourager les \u00e9l\u00e8ves \u00e0 s\u2019exprimer<\/li>\n\n\n\n<li>Permettre des choix responsables<\/li>\n\n\n\n<li>Respecter les autres et vivre ensemble gr\u00e2ce au respect\u00a0et \u00e0 l\u2019empathie<\/li>\n\n\n\n<li>Pr\u00e9venir les violences sexistes et sexuelles<\/li>\n<\/ul>\n\n\n\n<p>Concernant l\u2019\u00e9cole seront abord\u00e9s&nbsp;:<\/p>\n\n\n\n<ul class=\"wp-block-list\">\n<li>Sch\u00e9ma corporel et la reproduction humaine,<\/li>\n\n\n\n<li>Travail sur le respect des autres et la tol\u00e9rance,<\/li>\n\n\n\n<li>Mise en place des r\u00e8gles de vie aux droits de l\u2019enfant.<\/li>\n<\/ul>\n\n\n\n<p>Comment cela va-t-il se concr\u00e9tiser&nbsp;=&gt; Imaginer quelqu\u2019un qui a des supers pouvoirs&nbsp;: qu\u2019est-ce qui est bien ou mal, pr\u00e9sentation de diff\u00e9rents m\u00e9tiers qui ne sont pas genr\u00e9s (pompiers\u2026),<\/p>\n\n\n\n<p>Le th\u00e8me des supers h\u00e9ros sera repris pour les diff\u00e9rents \u00e9v\u00e9nements de l\u2019ann\u00e9e \u00e0 l\u2019\u00e9cole&nbsp;: carnaval, kermesse.<\/p>\n\n\n\n<h3 class=\"wp-block-heading has-background\" style=\"background-color:#e3b66f\"><strong>Evaluations nationales\u00a0<\/strong><\/h3>\n\n\n\n<p>Elles r\u00e9pondent aux objectifs minist\u00e9riels et sont r\u00e9alis\u00e9es de la grande section au CM2.<\/p>\n\n\n\n<h3 class=\"wp-block-heading has-background\" style=\"background-color:#e3b66f\"><strong>Validation du r\u00e8glement de l\u2019\u00e9cole\u00a0<\/strong><\/h3>\n\n\n\n<p><strong>Madame Lecomte (SRA) <\/strong>demande \u00e0 f\u00e9miniser le r\u00e8glement de l\u2019\u00e9cole (Ma\u00eetre =&gt; ajouter ma\u00eetresse) et souhaite ajouter l\u2019interdiction des cartes en tout genre.<\/p>\n\n\n\n<h3 class=\"wp-block-heading has-background\" style=\"background-color:#e3b66f\"><strong>Point sur la rentr\u00e9e scolaire par rapport au b\u00e2timent, aux commandes et au personnel d\u2019encadrement\u00a0<\/strong><\/h3>\n\n\n\n<p>Monsieur Lambert adresse ses remerciements pour les interventions techniques lorsque l\u2019\u00e9cole en fait la demande. Le chalet en bois commence \u00e0 prendre forme et ne devrait pas tarder \u00e0 \u00eatre finalis\u00e9 (restent le toit et le plancher \u00e0 poser).<\/p>\n\n\n\n<p>Le chauffage a \u00e9t\u00e9 remis plus t\u00f4t cette ann\u00e9e.<\/p>\n\n\n\n<p>Un probl\u00e8me d\u2019odeur est signal\u00e9 au niveau des WC des maternelles, celui-ci provient peut-\u00eatre d\u2019un probl\u00e8me d\u2019\u00e9vacuation.<\/p>\n\n\n\n<p>Les classes ont \u00e9t\u00e9 dot\u00e9es de 11 nouveaux ordinateurs (changement de version de Windows). L\u2019\u00e9cole n\u2019a pas \u00e9t\u00e9 inform\u00e9e en amont.<\/p>\n\n\n\n<p>Monsieur Lambert demande o\u00f9 en est la demande relative au visiophone (les badges d\u2019entr\u00e9e n\u2019ont toujours pas \u00e9t\u00e9 remis aux enseignants) et quand l\u2019alarme sera remise en fonction.<\/p>\n\n\n\n<p>Un changement de fournisseur a \u00e9t\u00e9 effectu\u00e9&nbsp;; d\u00e9sormais c\u2019est Duclercq et SFL. La question est pos\u00e9e de savoir si le budget fournitures sera revu \u00e0 la hausse du fait de l\u2019augmentation de ces derni\u00e8res.<\/p>\n\n\n\n<p>Un probl\u00e8me d\u2019encadrement est soulev\u00e9 concernant les \u00e9l\u00e8ves de maternelle et l\u2019attribution des postes d\u2019ATSEM par la CCPM. Il y a 40 enfants en TPS, mais toujours la m\u00eame base au niveau des ATSEM. Une demande de moyens suppl\u00e9mentaires est faite aupr\u00e8s du repr\u00e9sentant de la CCPM.<\/p>\n\n\n\n<p>Concernant les travaux&nbsp;: la VMC est \u00e0 nettoyer, urgence relative au dortoir en maternelle, demande quand seront enlev\u00e9s les cailloux \u00e0 l\u2019ext\u00e9rieur.<\/p>\n\n\n\n<h3 class=\"wp-block-heading has-background\" style=\"background-color:#e3b66f\"><strong>Les exercices de s\u00e9curit\u00e9<\/strong><\/h3>\n\n\n\n<p>15 septembre&nbsp;: exercice d\u2019\u00e9vacuation,<\/p>\n\n\n\n<p>30 septembre&nbsp;: exercice de confinement \/ temp\u00eate,<\/p>\n\n\n\n<p>6 octobre&nbsp;: exercice intrusion avec la pr\u00e9sence de la gendarmerie d\u2019Ailly le haut Clocher qui f\u00e9licite les enfants pour leur attitude pendant l\u2019exercice.<\/p>\n\n\n\n<h3 class=\"wp-block-heading has-background\" style=\"background-color:#e3b66f\"><strong>Projets de l\u2019ann\u00e9e\u00a0<\/strong><\/h3>\n\n\n\n<p>L\u2019\u00e9cole a r\u00e9cup\u00e9r\u00e9 200 kilos de pommes provenant des jardins de l\u2019Abbaye. Elles ont \u00e9t\u00e9 transform\u00e9es en jus de pommes avec le concours de l\u2019animation gapennoise qui les a press\u00e9es&nbsp;; des g\u00e2teaux ont \u00e9galement \u00e9t\u00e9 fabriqu\u00e9s.<\/p>\n\n\n\n<p>Dans le cadre de la semaine du go\u00fbt, les \u00e9l\u00e8ves de maternelle ont pu d\u00e9jeuner dans la salle des f\u00eates un repas confectionn\u00e9 par le Caf\u00e9 de l\u2019Abbaye. Au menu&nbsp;: \u00e9minc\u00e9 de poulet \u00e0 la sauce au maroilles, pur\u00e9e de pommes de terre \/ potimarron, mousse au chocolat (classes d\u2019I. Brunet et F. Dor\u00e9).<\/p>\n\n\n\n<p>Le projet d\u2019orchestre \u00e0 l\u2019\u00e9cole&nbsp;: pr\u00e9sentation d\u2019instruments aux \u00e9l\u00e8ves, invitation \u00e0 la r\u00e9p\u00e9tition du concert de No\u00ebl, concert de No\u00ebl \u00e0 Agenvillers en d\u00e9cembre.<\/p>\n\n\n\n<p>Natation pour les \u00e9l\u00e8ves de CE2 et CM1 \/ CM2 (de 10h00 \u00e0 10h40 dans l\u2019eau)&nbsp;:<\/p>\n\n\n\n<ul class=\"wp-block-list\">\n<li>CM1 \/ CM2\u00a0: du 17 novembre au 19 d\u00e9cembre 2025,<\/li>\n\n\n\n<li>CE2 \/ CM1\u00a0: du 2 mars au 10 avril 2026.<\/li>\n<\/ul>\n\n\n\n<h3 class=\"wp-block-heading has-background\" style=\"background-color:#e3b66f\"><strong>Les festivit\u00e9s programm\u00e9es\u00a0<\/strong><\/h3>\n\n\n\n<ul class=\"wp-block-list\">\n<li>Le cross du coll\u00e8ge auquel les \u00e9l\u00e8ves de CM2 ont particip\u00e9 le 13 octobre. F\u00e9licitations aux \u00e9l\u00e8ves de l\u2019\u00e9cole qui ont remport\u00e9 4 m\u00e9dailles.<\/li>\n\n\n\n<li>La photo scolaire a eu lieu ce matin.<\/li>\n\n\n\n<li>Le T\u00e9l\u00e9thon se d\u00e9roulera le matin du 24 novembre avec la m\u00eame forme que l\u2019an pass\u00e9 (course et go\u00fbter).<\/li>\n\n\n\n<li>16 \/12\u00a0: Soir\u00e9e de No\u00ebl \u00e0 l\u2019\u00e9cole => d\u00e9corations de l\u2019\u00e9cole, vente de fleurs, g\u00e2teaux, jus de pommes. Vente de vin chaud et\/ou de sangria, tartiflette.<\/li>\n\n\n\n<li>13\/02\/26\u00a0: carnaval sur le th\u00e8me des super h\u00e9ros<\/li>\n\n\n\n<li>27\/06\/2026\u00a0: kermesse<\/li>\n<\/ul>\n\n\n\n<h3 class=\"wp-block-heading has-background\" style=\"background-color:#e3b66f\"><strong>Coop\u00e9rative scolaire <\/strong><\/h3>\n\n\n\n<p>Monsieur Lambert indique un b\u00e9n\u00e9fice de 2&nbsp;930 \u20ac (apr\u00e8s que toutes les factures aient \u00e9t\u00e9 pay\u00e9es).<\/p>\n\n\n\n<p>Le solde est de 16&nbsp;078,71 \u20ac. Un don de 10&nbsp;000 \u20ac a \u00e9t\u00e9 fait par l\u2019AEB.<\/p>\n\n\n\n<p>Le solde, apr\u00e8s don, s\u2019\u00e9l\u00e8ve \u00e0 26&nbsp;078,71 \u20ac.<\/p>\n\n\n\n<p>L\u2019AEB, indique les diff\u00e9rentes actions pr\u00e9vues pour cette ann\u00e9e&nbsp;:<\/p>\n\n\n\n<ul class=\"wp-block-list\">\n<li>Vente des chocolats pour No\u00ebl, avec un changement de prestataire,<\/li>\n\n\n\n<li>Grilles (galettes avec deux choix\u00a0: frangipane et pommes),<\/li>\n\n\n\n<li>Soir\u00e9e de No\u00ebl \u00e0 l\u2019\u00e9cole, avec un repas traiteur (probablement tartiflette),<\/li>\n\n\n\n<li>07\/03\/2026\u00a0: loto \u00e0 la Tondelli\u00e8re \u00e0 Yaucourt les Bussus,<\/li>\n\n\n\n<li>27\/06\/2026\u00a0: kermesse,<\/li>\n<\/ul>\n\n\n\n<p>L\u2019AEB tient \u00e0 remercier les communes pour leurs subventions. Un point est fait sur l\u2019adh\u00e9sion des parents. Un projet de trail est \u00e0 l\u2019\u00e9tude pour le printemps. L\u2019AEB souhaite \u00e9galement une action pour une \u00e9cole sans tabac&nbsp;: panneau et marquage au sol \u00ab&nbsp;sans tabac&nbsp;\u00bb.<\/p>\n\n\n\n<h3 class=\"wp-block-heading has-background\" style=\"background-color:#e3b66f\"><strong>Questions diverses\u00a0<\/strong><\/h3>\n\n\n\n<p>Madame Duvauchelle demande s\u2019il est possible de revoir les modalit\u00e9s de la cantine lorsqu\u2019un enfant est malade le matin (<em>NDLR&nbsp;: l\u2019annulation de la cantine n\u2019est possible que la veille avant 10h00, quid lorsqu\u2019un enfant est malade la nuit&nbsp;?<\/em>). Monsieur Fr\u00e9maut indique qu\u2019il va se pencher sur la question.<\/p>\n\n\n\n<p><strong>Madame Lecomte (SRA)<\/strong> demande si un audit aurait bien lieu avant la fin de l\u2019ann\u00e9e concernant la demande relative \u00e0 la cr\u00e9ation d\u2019un centre le mercredi. Monsieur Fr\u00e9maut de r\u00e9pondre qu\u2019une \u00e9tude des besoins sociaux devait se mettre en place au niveau du territoire afin de voir quels services pourraient \u00eatre d\u00e9velopp\u00e9s.<\/p>\n\n\n\n<p>Cl\u00f4ture de s\u00e9ance \u00e0 20h15.<\/p>\n\n\n\n<ul class=\"wp-block-list\">\n<li>Etabli par votre \u00e9lue de la liste \u00ab\u00a0Saint-Riquier Autrement\u00a0\u00bb\u00a0: Val\u00e9rie LECOMTE si\u00e9geant au Conseil d\u2019\u00e9cole<\/li>\n\n\n\n<li>Publi\u00e9 le 26 octobre 2025<\/li>\n<\/ul>\n","protected":false},"excerpt":{"rendered":"<p>Compte-rendu de Val\u00e9rie Lecomte, \u00e9lue de la liste \u00ab\u00a0Saint-Riquier Autrement\u00a0\u00bb au Conseil municipal de Saint-Riquier, repr\u00e9sentant les habitants de Saint-Riquier<\/p>\n","protected":false},"author":4,"featured_media":1030,"comment_status":"open","ping_status":"open","sticky":false,"template":"","format":"standard","meta":{"footnotes":""},"categories":[3,23],"tags":[],"class_list":["post-1029","post","type-post","status-publish","format-standard","has-post-thumbnail","hentry","category-accueil","category-conseildecole"],"_links":{"self":[{"href":"https:\/\/www.saintriquierautrement.fr\/index.php\/wp-json\/wp\/v2\/posts\/1029","targetHints":{"allow":["GET"]}}],"collection":[{"href":"https:\/\/www.saintriquierautrement.fr\/index.php\/wp-json\/wp\/v2\/posts"}],"about":[{"href":"https:\/\/www.saintriquierautrement.fr\/index.php\/wp-json\/wp\/v2\/types\/post"}],"author":[{"embeddable":true,"href":"https:\/\/www.saintriquierautrement.fr\/index.php\/wp-json\/wp\/v2\/users\/4"}],"replies":[{"embeddable":true,"href":"https:\/\/www.saintriquierautrement.fr\/index.php\/wp-json\/wp\/v2\/comments?post=1029"}],"version-history":[{"count":1,"href":"https:\/\/www.saintriquierautrement.fr\/index.php\/wp-json\/wp\/v2\/posts\/1029\/revisions"}],"predecessor-version":[{"id":1031,"href":"https:\/\/www.saintriquierautrement.fr\/index.php\/wp-json\/wp\/v2\/posts\/1029\/revisions\/1031"}],"wp:featuredmedia":[{"embeddable":true,"href":"https:\/\/www.saintriquierautrement.fr\/index.php\/wp-json\/wp\/v2\/media\/1030"}],"wp:attachment":[{"href":"https:\/\/www.saintriquierautrement.fr\/index.php\/wp-json\/wp\/v2\/media?parent=1029"}],"wp:term":[{"taxonomy":"category","embeddable":true,"href":"https:\/\/www.saintriquierautrement.fr\/index.php\/wp-json\/wp\/v2\/categories?post=1029"},{"taxonomy":"post_tag","embeddable":true,"href":"https:\/\/www.saintriquierautrement.fr\/index.php\/wp-json\/wp\/v2\/tags?post=1029"}],"curies":[{"name":"wp","href":"https:\/\/api.w.org\/{rel}","templated":true}]}}