{"id":1042,"date":"2025-12-09T09:43:31","date_gmt":"2025-12-09T08:43:31","guid":{"rendered":"https:\/\/www.saintriquierautrement.fr\/?p=1042"},"modified":"2026-01-21T15:35:20","modified_gmt":"2026-01-21T14:35:20","slug":"elections-municipales-2026-vers-une-liste-independante","status":"publish","type":"post","link":"https:\/\/www.saintriquierautrement.fr\/index.php\/2025\/12\/09\/elections-municipales-2026-vers-une-liste-independante\/","title":{"rendered":"Elections Municipales 2026 : vers une liste ind\u00e9pendante &#8230;"},"content":{"rendered":"\n<p>Une liste est en cours de constitution pour le renouvellement du conseil municipal de Saint-Riquier, en mars 2026, <\/p>\n\n\n\n<p>Elle est&nbsp; ind\u00e9pendante de celle conduite par M. Monin, actuel maire.<\/p>\n\n\n\n<p>Ce sont Val\u00e9rie Lecomte et Daniel Balavoine, \u00e9lus sur la liste Saint-Riquier Autrement, qui m\u00e8nent cette initiative pour un conseil municipal au service de tous les habitants et dans le respect de ceux-ci.<\/p>\n\n\n\n<p>Pour contribuer \u00e0 cette d\u00e9marche, contactez&nbsp;&nbsp;<\/p>\n\n\n\n<p>&#8211; Val\u00e9rie 0670787307 <a href=\"mailto:valerie.lecomte38@sfr.fr\" target=\"_blank\" rel=\"noreferrer noopener\">valerie.lecomte38@sfr.fr<\/a><\/p>\n\n\n\n<p>&#8211; Daniel\u00a00632848468 <a href=\"mailto:balavoine.daniel@orange.fr\" target=\"_blank\" rel=\"noreferrer noopener\">balavoine.daniel@orange.fr<\/a><\/p>\n","protected":false},"excerpt":{"rendered":"<p>Une liste est en cours de constitution pour le renouvellement du conseil municipal de Saint-Riquier, en mars 2026, Elle est&nbsp;<\/p>\n","protected":false},"author":4,"featured_media":1043,"comment_status":"open","ping_status":"open","sticky":false,"template":"","format":"standard","meta":{"footnotes":""},"categories":[3,1],"tags":[],"class_list":["post-1042","post","type-post","status-publish","format-standard","has-post-thumbnail","hentry","category-accueil","category-les-candidates"],"_links":{"self":[{"href":"https:\/\/www.saintriquierautrement.fr\/index.php\/wp-json\/wp\/v2\/posts\/1042","targetHints":{"allow":["GET"]}}],"collection":[{"href":"https:\/\/www.saintriquierautrement.fr\/index.php\/wp-json\/wp\/v2\/posts"}],"about":[{"href":"https:\/\/www.saintriquierautrement.fr\/index.php\/wp-json\/wp\/v2\/types\/post"}],"author":[{"embeddable":true,"href":"https:\/\/www.saintriquierautrement.fr\/index.php\/wp-json\/wp\/v2\/users\/4"}],"replies":[{"embeddable":true,"href":"https:\/\/www.saintriquierautrement.fr\/index.php\/wp-json\/wp\/v2\/comments?post=1042"}],"version-history":[{"count":1,"href":"https:\/\/www.saintriquierautrement.fr\/index.php\/wp-json\/wp\/v2\/posts\/1042\/revisions"}],"predecessor-version":[{"id":1044,"href":"https:\/\/www.saintriquierautrement.fr\/index.php\/wp-json\/wp\/v2\/posts\/1042\/revisions\/1044"}],"wp:featuredmedia":[{"embeddable":true,"href":"https:\/\/www.saintriquierautrement.fr\/index.php\/wp-json\/wp\/v2\/media\/1043"}],"wp:attachment":[{"href":"https:\/\/www.saintriquierautrement.fr\/index.php\/wp-json\/wp\/v2\/media?parent=1042"}],"wp:term":[{"taxonomy":"category","embeddable":true,"href":"https:\/\/www.saintriquierautrement.fr\/index.php\/wp-json\/wp\/v2\/categories?post=1042"},{"taxonomy":"post_tag","embeddable":true,"href":"https:\/\/www.saintriquierautrement.fr\/index.php\/wp-json\/wp\/v2\/tags?post=1042"}],"curies":[{"name":"wp","href":"https:\/\/api.w.org\/{rel}","templated":true}]}}