{"id":1061,"date":"2025-07-01T15:57:28","date_gmt":"2025-07-01T13:57:28","guid":{"rendered":"https:\/\/www.saintriquierautrement.fr\/?p=1061"},"modified":"2026-01-29T15:53:55","modified_gmt":"2026-01-29T14:53:55","slug":"la-delinquance-a-saint-riquier","status":"publish","type":"post","link":"https:\/\/www.saintriquierautrement.fr\/index.php\/2025\/07\/01\/la-delinquance-a-saint-riquier\/","title":{"rendered":"La d\u00e9linquance \u00e0 Saint-Riquier"},"content":{"rendered":"\n<p>Le minist\u00e8re de l&#8217;int\u00e9rieur d\u00e9nombre 17 crimes et d\u00e9lits \u00e0 Saint-Riquier en 2024, contre 15 en 2016 et 17 en 2018 <br><\/p>\n\n\n\n<figure class=\"wp-block-table aligncenter\"><table class=\"has-fixed-layout\"><tbody><tr><td><\/td><td class=\"has-text-align-center\" data-align=\"center\">2024<\/td><td class=\"has-text-align-center\" data-align=\"center\">2018<\/td><\/tr><tr><td>Vols<\/td><td class=\"has-text-align-center\" data-align=\"center\">7<\/td><td class=\"has-text-align-center\" data-align=\"center\">7<\/td><\/tr><tr><td>Infraction aux stup\u00e9fiants<\/td><td class=\"has-text-align-center\" data-align=\"center\">1<\/td><td class=\"has-text-align-center\" data-align=\"center\">1<\/td><\/tr><tr><td>Violences contre des personnes<\/td><td class=\"has-text-align-center\" data-align=\"center\">6<\/td><td class=\"has-text-align-center\" data-align=\"center\">5<\/td><\/tr><tr><td>Destructions et d\u00e9gradations<\/td><td class=\"has-text-align-center\" data-align=\"center\">2<\/td><td class=\"has-text-align-center\" data-align=\"center\">2<\/td><\/tr><tr><td>Escroqueries et fraudes<\/td><td class=\"has-text-align-center\" data-align=\"center\">1<\/td><td class=\"has-text-align-center\" data-align=\"center\">2<\/td><\/tr><\/tbody><\/table><\/figure>\n\n\n\n<h4 class=\"wp-block-heading\">Vigilance et r\u00e9ponse ad\u00e9quate<\/h4>\n\n\n\n<p>Trop nombreux ou supportable, l&#8217;\u00e9volution de ces faits m\u00e9rite toute notre attention afin d&#8217;y apporter les r\u00e9ponses ad\u00e9quates.<\/p>\n\n\n\n<p>La vigilance de chacun \u00e0 ce qui se passe dans nos rues est sans doute la plus pertinente en compl\u00e9ment de l&#8217;action de la gendarmerie et de la vid\u00e9o-surveillance.<\/p>\n\n\n\n<p>A ce sujet, la vid\u00e9o-surveillance est un outil \u00e0 adapter r\u00e9guli\u00e8rement aux comportements d\u00e9lictueux, en veillant \u00e0 ne pas empi\u00e9ter sur la vie priv\u00e9e et \u00e0 la maitr\u00eese des co\u00fbts. Trois crit\u00e8res trait\u00e9s avec la plus grande attention par &#8220;SaintRiquierAutrement&#8221;.<\/p>\n","protected":false},"excerpt":{"rendered":"<p>Le minist\u00e8re de l&#8217;int\u00e9rieur d\u00e9nombre 17 crimes et d\u00e9lits \u00e0 Saint-Riquier en 2024, contre 15 en 2016 et 17 en<\/p>\n","protected":false},"author":4,"featured_media":1106,"comment_status":"open","ping_status":"open","sticky":false,"template":"","format":"standard","meta":{"footnotes":""},"categories":[22,11],"tags":[],"class_list":["post-1061","post","type-post","status-publish","format-standard","has-post-thumbnail","hentry","category-elections2026","category-linfo_centuloise"],"_links":{"self":[{"href":"https:\/\/www.saintriquierautrement.fr\/index.php\/wp-json\/wp\/v2\/posts\/1061","targetHints":{"allow":["GET"]}}],"collection":[{"href":"https:\/\/www.saintriquierautrement.fr\/index.php\/wp-json\/wp\/v2\/posts"}],"about":[{"href":"https:\/\/www.saintriquierautrement.fr\/index.php\/wp-json\/wp\/v2\/types\/post"}],"author":[{"embeddable":true,"href":"https:\/\/www.saintriquierautrement.fr\/index.php\/wp-json\/wp\/v2\/users\/4"}],"replies":[{"embeddable":true,"href":"https:\/\/www.saintriquierautrement.fr\/index.php\/wp-json\/wp\/v2\/comments?post=1061"}],"version-history":[{"count":3,"href":"https:\/\/www.saintriquierautrement.fr\/index.php\/wp-json\/wp\/v2\/posts\/1061\/revisions"}],"predecessor-version":[{"id":1067,"href":"https:\/\/www.saintriquierautrement.fr\/index.php\/wp-json\/wp\/v2\/posts\/1061\/revisions\/1067"}],"wp:featuredmedia":[{"embeddable":true,"href":"https:\/\/www.saintriquierautrement.fr\/index.php\/wp-json\/wp\/v2\/media\/1106"}],"wp:attachment":[{"href":"https:\/\/www.saintriquierautrement.fr\/index.php\/wp-json\/wp\/v2\/media?parent=1061"}],"wp:term":[{"taxonomy":"category","embeddable":true,"href":"https:\/\/www.saintriquierautrement.fr\/index.php\/wp-json\/wp\/v2\/categories?post=1061"},{"taxonomy":"post_tag","embeddable":true,"href":"https:\/\/www.saintriquierautrement.fr\/index.php\/wp-json\/wp\/v2\/tags?post=1061"}],"curies":[{"name":"wp","href":"https:\/\/api.w.org\/{rel}","templated":true}]}}