{"id":1074,"date":"2026-01-06T17:34:01","date_gmt":"2026-01-06T16:34:01","guid":{"rendered":"https:\/\/www.saintriquierautrement.fr\/?p=1074"},"modified":"2026-02-05T14:44:14","modified_gmt":"2026-02-05T13:44:14","slug":"com-de-com-un-silence-qui-sexplique-aisement","status":"publish","type":"post","link":"https:\/\/www.saintriquierautrement.fr\/index.php\/2026\/01\/06\/com-de-com-un-silence-qui-sexplique-aisement\/","title":{"rendered":"Com de com : un silence qui s&#8217;explique ais\u00e9ment &#8230;"},"content":{"rendered":"\n<p class=\"has-text-color has-link-color has-small-font-size wp-elements-7833a9e341b5e250b1bff07daa2ffb78\" style=\"color:#65c2fa\"><em>Actualis\u00e9 le 5 f\u00e9vrier 2026<\/em><\/p>\n\n\n\n<p class=\"has-text-color has-link-color has-medium-font-size wp-elements-b186d3a9b7d84a6c0910103a433c9268\" style=\"color:#05460a\"><em>Dans notre publication du&nbsp;<a href=\"https:\/\/www.saintriquierautrement.fr\/index.php\/2025\/01\/21\/com-de-com-qui-nous-y-represente\/\">21 janvier 2025<\/a>, nous avions soulign\u00e9 l&#8217;absence de retour sur l&#8217;action de nos actuels \u00e9lus au sein de la Com de Com Ponthieu Marquenterre.<\/em><\/p>\n\n\n\n<h3 class=\"wp-block-heading has-text-color has-background has-link-color wp-elements-addb4e824f512db171166f12c8682969\" style=\"color:#030459;background-color:#ebffa6\"><strong>Un silence \u00e0 expliquer !<\/strong><\/h3>\n\n\n\n<p>Une situation qui s&#8217;explique, au moins en partie, par le peu d&#8217;assiduit\u00e9 d&#8217;un de nos repr\u00e9sentants.<\/p>\n\n\n\n<p>M. Yves Monin, maire de Saint-Riquier et conseiller communautaire, a si\u00e9g\u00e9 5 fois depuis 2020. <\/p>\n\n\n\n<p>La derni\u00e8re fois \u00e9tait le 12 juillet 2022. Cela repr\u00e9sente, peu ou prou, 1\/6\u00e8me de participation puisqu&#8217;il y a eu 29 conseils communautaires depuis\u00a02020. <\/p>\n\n\n\n<p>Difficile dans ces conditions de nous\u00a0informer sur ce qui se d\u00e9cide, pour nous, au sein de cette instance\u00a0!<\/p>\n\n\n\n<h3 class=\"wp-block-heading has-text-color has-background has-link-color wp-elements-4c92a0dba218a766e47e37b51ffa758d\" style=\"color:#030459;background-color:#ebffa6\"><strong>A quoi sert la &#8221; Charte de l&#8217;\u00e9lu local &#8221; ?<\/strong><\/h3>\n\n\n\n<p>Une charte qui, \u00e0 son 6\u00e8me paragraphe, stipule &#8220;L&#8217;\u00e9lu local participe avec assiduit\u00e9 aux r\u00e9unions de l&#8217;organe d\u00e9lib\u00e9rant et des instances au sein desquelles il a \u00e9t\u00e9 d\u00e9sign\u00e9&#8221;.<\/p>\n\n\n\n<p>De toute \u00e9vidence, l&#8217;actuel maire de Saint-Riquier s&#8217;assoit sur cette &#8220;charte&#8221;. Sans doute est-elle tr\u00e8s confortable et qu&#8217;il souhaite rester dessus ?<\/p>\n\n\n\n<h3 class=\"wp-block-heading has-text-color has-background has-link-color wp-elements-34542257262b022385ce41ad45b093a5\" style=\"color:#030459;background-color:#ebffa6\"><strong>Une assiduit\u00e9 \u00e0 souligner<\/strong><\/h3>\n\n\n\n<p>Si l&#8217;actuel maire de Saint-Riquier brille par sa capacit\u00e9 \u00e0 ne pas assumer son mandat \u00e0 la Com de com du Ponthieu Marquenterre, l&#8217;assiduit\u00e9 et l&#8217;implication des deux autres conseillers communautaires de Saint-Riquier &#8211; <em>Mme Jocelyne Martin et M. Jo\u00ebl Farcy<\/em>-, sont \u00e0 souligner. <\/p>\n\n\n\n<p>Dommage que l&#8217;un comme l&#8217;autre privent les centulois d&#8217;un \u00e9change avant leurs prises de d\u00e9cisions et du compte rendu de leur action.<\/p>\n\n\n\n<h3 class=\"wp-block-heading has-text-color has-background has-link-color wp-elements-b93ac6986acdaf4e033c4264a55b0549\" style=\"color:#030459;background-color:#ebffa6\"><strong>&#8220;Saint Riquier Autrement&#8221; s&#8217;engage !<\/strong><\/h3>\n\n\n\n<p>La liste &#8220;Saint Riquier Autrement&#8221; est consciente de vos attentes.&nbsp;<\/p>\n\n\n\n<p>Ses membres s&#8217;engagent :<\/p>\n\n\n\n<ul class=\"wp-block-list\">\n<li>\u00e0 si\u00e9ger au Conseil municipal et dans les organismes auxquels ils seront appel\u00e9s \u00e0 participer<\/li>\n\n\n\n<li>\u00e0 informer le Conseil municipal des d\u00e9cisions \u00e0 venir pour recueillir son avis<\/li>\n\n\n\n<li>\u00e0 rendre compte des d\u00e9cisions prises, par le conseil communautaire, int\u00e9ressant\u00a0Saint-Riquier et ses habitants<\/li>\n<\/ul>\n\n\n\n<p class=\"has-text-color has-background has-link-color wp-elements-166b3873e004f1bdd1cdaf7d32b6cc36\" style=\"color:#090276;background-color:#ebffa6\">Voil\u00e0 une d\u00e9marche positive, contribuant \u00e0 la transparence de la vie locale, qu&#8217;il vous sera possible de soutenir en votant la liste &#8220;Saint Riquier Autrement&#8221; dimanche 15 mars prochain.<\/p>\n\n\n\n<p><\/p>\n\n\n\n<p>Contact : <a href=\"mailto:saintriquierautrement@gmail.com\">saintriquierautrement@gmail.com<\/a> <\/p>\n\n\n\n<p><\/p>\n","protected":false},"excerpt":{"rendered":"<p>Actualis\u00e9 le 5 f\u00e9vrier 2026 Dans notre publication du&nbsp;21 janvier 2025, nous avions soulign\u00e9 l&#8217;absence de retour sur l&#8217;action de<\/p>\n","protected":false},"author":4,"featured_media":1095,"comment_status":"open","ping_status":"open","sticky":false,"template":"","format":"standard","meta":{"footnotes":""},"categories":[5,11],"tags":[],"class_list":["post-1074","post","type-post","status-publish","format-standard","has-post-thumbnail","hentry","category-comdecom","category-linfo_centuloise"],"_links":{"self":[{"href":"https:\/\/www.saintriquierautrement.fr\/index.php\/wp-json\/wp\/v2\/posts\/1074","targetHints":{"allow":["GET"]}}],"collection":[{"href":"https:\/\/www.saintriquierautrement.fr\/index.php\/wp-json\/wp\/v2\/posts"}],"about":[{"href":"https:\/\/www.saintriquierautrement.fr\/index.php\/wp-json\/wp\/v2\/types\/post"}],"author":[{"embeddable":true,"href":"https:\/\/www.saintriquierautrement.fr\/index.php\/wp-json\/wp\/v2\/users\/4"}],"replies":[{"embeddable":true,"href":"https:\/\/www.saintriquierautrement.fr\/index.php\/wp-json\/wp\/v2\/comments?post=1074"}],"version-history":[{"count":5,"href":"https:\/\/www.saintriquierautrement.fr\/index.php\/wp-json\/wp\/v2\/posts\/1074\/revisions"}],"predecessor-version":[{"id":1143,"href":"https:\/\/www.saintriquierautrement.fr\/index.php\/wp-json\/wp\/v2\/posts\/1074\/revisions\/1143"}],"wp:featuredmedia":[{"embeddable":true,"href":"https:\/\/www.saintriquierautrement.fr\/index.php\/wp-json\/wp\/v2\/media\/1095"}],"wp:attachment":[{"href":"https:\/\/www.saintriquierautrement.fr\/index.php\/wp-json\/wp\/v2\/media?parent=1074"}],"wp:term":[{"taxonomy":"category","embeddable":true,"href":"https:\/\/www.saintriquierautrement.fr\/index.php\/wp-json\/wp\/v2\/categories?post=1074"},{"taxonomy":"post_tag","embeddable":true,"href":"https:\/\/www.saintriquierautrement.fr\/index.php\/wp-json\/wp\/v2\/tags?post=1074"}],"curies":[{"name":"wp","href":"https:\/\/api.w.org\/{rel}","templated":true}]}}