{"id":1165,"date":"2026-02-11T21:05:04","date_gmt":"2026-02-11T20:05:04","guid":{"rendered":"https:\/\/www.saintriquierautrement.fr\/?p=1165"},"modified":"2026-02-12T11:29:21","modified_gmt":"2026-02-12T10:29:21","slug":"des-jeunes-aux-aines-co-construire-lavenir","status":"publish","type":"post","link":"https:\/\/www.saintriquierautrement.fr\/index.php\/2026\/02\/11\/des-jeunes-aux-aines-co-construire-lavenir\/","title":{"rendered":"Des jeunes aux a\u00een\u00e9s, co-construire l&#8217;avenir !"},"content":{"rendered":"\n<p class=\"has-text-color has-link-color has-medium-font-size wp-elements-1 wp-block-paragraph\" style=\"color:#014102\"><em>La commune et la communaut\u00e9 de communes sont le c\u0153ur battant de la d\u00e9mocratie de proximit\u00e9. Elles sont les lieux o\u00f9 se d\u00e9cide une grande partie de la vie quotidienne : \u00e9ducation, logement, mobilit\u00e9, sant\u00e9, culture, espace public, engagement&#8230; autant de domaines qui concernent directement les jeunes et les moins jeunes.<\/em><\/p>\n\n\n\n<p class=\"has-text-color has-background has-link-color wp-elements-2 wp-block-paragraph\" style=\"color:#014102;background-color:#e7f7c7\">Dimanche 15 mars, les \u00e9lections municipales&nbsp;conduiront \u00e0 la d\u00e9signation des conseillers municipaux et des conseillers communautaires. A la suite, ceux-ci d\u00e9signeront le maire de Saint-Riquier et le pr\u00e9sident de la com de com du Ponthieu Marquenterre.<\/p>\n\n\n\n<p class=\"has-text-color has-link-color wp-elements-3 wp-block-paragraph\" style=\"color:#014102\">Les jeunes de 15 \u00e0 29 ans et les ain\u00e9s de plus de 65 ans qui repr\u00e9sentent plus de 46% de la population centuloise m\u00e9ritent une attention particuli\u00e8re en mati\u00e8re d&#8217;action municipale ou communautaires. Il ne peut y avoir de politiques efficaces sans co-construction avec celles et ceux qui sont les premiers concern\u00e9s.<\/p>\n\n\n\n<div class=\"wp-block-media-text is-stacked-on-mobile\"><figure class=\"wp-block-media-text__media\"><img loading=\"lazy\" decoding=\"async\" width=\"1024\" height=\"530\" src=\"http:\/\/www.saintriquierautrement.fr\/wp-content\/uploads\/2026\/02\/autopartag2026-02-11-204523-1024x530.png\" alt=\"\" class=\"wp-image-1167 size-full\" srcset=\"https:\/\/www.saintriquierautrement.fr\/wp-content\/uploads\/2026\/02\/autopartag2026-02-11-204523-1024x530.png 1024w, https:\/\/www.saintriquierautrement.fr\/wp-content\/uploads\/2026\/02\/autopartag2026-02-11-204523-300x155.png 300w, https:\/\/www.saintriquierautrement.fr\/wp-content\/uploads\/2026\/02\/autopartag2026-02-11-204523-768x397.png 768w, https:\/\/www.saintriquierautrement.fr\/wp-content\/uploads\/2026\/02\/autopartag2026-02-11-204523.png 1198w\" sizes=\"auto, (max-width: 1024px) 100vw, 1024px\" \/><\/figure><div class=\"wp-block-media-text__content\">\n<p class=\"has-text-color has-link-color wp-elements-4 wp-block-paragraph\" style=\"color:#014102\">Si cette \u00e9ch\u00e9ance est importante c\u2019est que, dans les faits, les choix de la municipalit\u00e9 au cours des trente derni\u00e8res ann\u00e9es&nbsp;se sont trop souvent limit\u00e9s \u00e0 quelques dispositions en direction des jeunes et des a\u00een\u00e9s&nbsp;: un abri bus scolaire par-ci, un bout de trottoir ici et l\u00e0. Mais aucune action d\u00e9termin\u00e9e inscrite dans la dur\u00e9e \u00e0 m\u00eame de r\u00e9pondre aux attentes des uns et des autres.<\/p>\n<\/div><\/div>\n\n\n\n<div class=\"wp-block-media-text has-media-on-the-right is-stacked-on-mobile\"><div class=\"wp-block-media-text__content\">\n<p class=\"has-text-color has-background has-link-color wp-elements-5 wp-block-paragraph\" style=\"color:#014102;background-color:#e7f7c7\"><strong>C&#8217;est pourquoi la liste Saint Riquier Autrement instaurera d\u00e8s son \u00e9lection, un conseil des jeunes et un conseil des a\u00een\u00e9s afin que les attentes sp\u00e9cifiques de ces deux g\u00e9n\u00e9rations de centulois soient entendues.<\/strong><\/p>\n<\/div><figure class=\"wp-block-media-text__media\"><img loading=\"lazy\" decoding=\"async\" width=\"453\" height=\"238\" src=\"http:\/\/www.saintriquierautrement.fr\/wp-content\/uploads\/2026\/02\/abrisbus2.jpg\" alt=\"\" class=\"wp-image-1166 size-full\" srcset=\"https:\/\/www.saintriquierautrement.fr\/wp-content\/uploads\/2026\/02\/abrisbus2.jpg 453w, https:\/\/www.saintriquierautrement.fr\/wp-content\/uploads\/2026\/02\/abrisbus2-300x158.jpg 300w\" sizes=\"auto, (max-width: 453px) 100vw, 453px\" \/><\/figure><\/div>\n\n\n\n<p class=\"has-text-color has-background has-link-color wp-elements-6 wp-block-paragraph\" style=\"color:#014102;background-color:#e7f7c7\"><strong>CONTACTS :<\/strong><\/p>\n\n\n\n<ul class=\"wp-block-list\">\n<li><a href=\"mailto:saintriquierautrement@gmail.com\">saintriquierautrement@gmail.com<\/a><\/li>\n\n\n\n<li>Val\u00e9rie : 06 70 78 73 07<\/li>\n\n\n\n<li>Daniel : 06 32 84 84 68<\/li>\n<\/ul>\n\n\n\n<p class=\"wp-block-paragraph\"><\/p>\n","protected":false},"excerpt":{"rendered":"<p>La commune et la communaut\u00e9 de communes sont le c\u0153ur battant de la d\u00e9mocratie de proximit\u00e9. Elles sont les lieux<\/p>\n","protected":false},"author":4,"featured_media":1169,"comment_status":"open","ping_status":"open","sticky":false,"template":"","format":"standard","meta":{"footnotes":""},"categories":[3,22],"tags":[],"class_list":["post-1165","post","type-post","status-publish","format-standard","has-post-thumbnail","hentry","category-accueil","category-elections2026"],"_links":{"self":[{"href":"https:\/\/www.saintriquierautrement.fr\/index.php\/wp-json\/wp\/v2\/posts\/1165","targetHints":{"allow":["GET"]}}],"collection":[{"href":"https:\/\/www.saintriquierautrement.fr\/index.php\/wp-json\/wp\/v2\/posts"}],"about":[{"href":"https:\/\/www.saintriquierautrement.fr\/index.php\/wp-json\/wp\/v2\/types\/post"}],"author":[{"embeddable":true,"href":"https:\/\/www.saintriquierautrement.fr\/index.php\/wp-json\/wp\/v2\/users\/4"}],"replies":[{"embeddable":true,"href":"https:\/\/www.saintriquierautrement.fr\/index.php\/wp-json\/wp\/v2\/comments?post=1165"}],"version-history":[{"count":4,"href":"https:\/\/www.saintriquierautrement.fr\/index.php\/wp-json\/wp\/v2\/posts\/1165\/revisions"}],"predecessor-version":[{"id":1173,"href":"https:\/\/www.saintriquierautrement.fr\/index.php\/wp-json\/wp\/v2\/posts\/1165\/revisions\/1173"}],"wp:featuredmedia":[{"embeddable":true,"href":"https:\/\/www.saintriquierautrement.fr\/index.php\/wp-json\/wp\/v2\/media\/1169"}],"wp:attachment":[{"href":"https:\/\/www.saintriquierautrement.fr\/index.php\/wp-json\/wp\/v2\/media?parent=1165"}],"wp:term":[{"taxonomy":"category","embeddable":true,"href":"https:\/\/www.saintriquierautrement.fr\/index.php\/wp-json\/wp\/v2\/categories?post=1165"},{"taxonomy":"post_tag","embeddable":true,"href":"https:\/\/www.saintriquierautrement.fr\/index.php\/wp-json\/wp\/v2\/tags?post=1165"}],"curies":[{"name":"wp","href":"https:\/\/api.w.org\/{rel}","templated":true}]}}