{"id":1290,"date":"2026-03-11T21:45:00","date_gmt":"2026-03-11T20:45:00","guid":{"rendered":"https:\/\/www.saintriquierautrement.fr\/?p=1290"},"modified":"2026-03-11T21:46:32","modified_gmt":"2026-03-11T20:46:32","slug":"propos-de-candidates-pauline","status":"publish","type":"post","link":"https:\/\/www.saintriquierautrement.fr\/index.php\/2026\/03\/11\/propos-de-candidates-pauline\/","title":{"rendered":"Propos de candidat(e)s :\u00a0Pauline"},"content":{"rendered":"\n<p>Je m\u2019appelle Pauline Boulanger, conseill\u00e8re client\u00e8le depuis dix ans dans la m\u00eame banque, j\u2019accompagne chaque jour les clients dans leurs projets de vie.&nbsp;<\/p>\n\n\n\n<p>L\u2019\u00e9coute, la rigueur et le sens des responsabilit\u00e9s font partie de mon quotidien professionnel. La satisfaction et la confiance sont au c\u0153ur de mon engagement.<\/p>\n\n\n\n<p>Je suis maman de deux enfants : Faustine, scolaris\u00e9e \u00e0 l\u2019\u00e9cole du village, et Mathis, \u00e9tudiant en BTS.&nbsp;<\/p>\n\n\n\n<p>Comme beaucoup d\u2019entre vous, je vis au quotidien les r\u00e9alit\u00e9s des familles de Saint-Riquier.<\/p>\n\n\n\n<p>C&#8217;est ainsi qu&#8217; il y a deux ans, j\u2019ai&nbsp;donc entrepris des d\u00e9marches pour demander la mise en place d\u2019un syst\u00e8me de garde le mercredi aupr\u00e8s de la communaut\u00e9 de communes. Parce que ce manque p\u00e8se sur de nombreuses familles.<\/p>\n\n\n\n<p>C\u2019est \u00e0 ce moment pr\u00e9cis que j&#8217;ai rencontr\u00e9 Val\u00e9rie Lecomte la seule conseill\u00e8re municipale qui ait pris le temps et la mesure de ce combat. Rejoindre Val\u00e9rie Lecomte et la liste Saint-Riquier Autrement s\u2019est donc impos\u00e9 comme une \u00e9vidence pour cette \u00e9lection municipale.<\/p>\n\n\n\n<p>Nous partageons la m\u00eame vision : une commune dynamique, qui doit \u00eatre \u00e0 l\u2019\u00e9coute de tous, o\u00f9 les d\u00e9cisions doivent \u00eatre prises dans l\u2019int\u00e9r\u00eat g\u00e9n\u00e9ral sans logique de favoritisme.<\/p>\n\n\n\n<p>\u00c0 l&#8217;heure o\u00f9 dans certaines communes la vie sociale et culturelle meure, Saint-Riquier demeure.<\/p>\n\n\n\n<p>Ch\u00e9rissons notre cadre de vie exceptionnel.&nbsp;<\/p>\n\n\n\n<p>Nous avons tout pour r\u00e9ussir : des commerces, des associations dynamiques, un patrimoine remarquable.\u00a0Il est temps maintenant d\u2019insuffler une nouvelle \u00e9nergie. Plus grand, plus fort.<\/p>\n\n\n\n<p>Tous Ensemble, faisons vivre autrement Saint-Riquier.<\/p>\n","protected":false},"excerpt":{"rendered":"<p>Je m\u2019appelle Pauline Boulanger, conseill\u00e8re client\u00e8le depuis dix ans dans la m\u00eame banque, j\u2019accompagne chaque jour les clients dans leurs<\/p>\n","protected":false},"author":4,"featured_media":1292,"comment_status":"open","ping_status":"open","sticky":false,"template":"","format":"standard","meta":{"footnotes":""},"categories":[3,1],"tags":[],"class_list":["post-1290","post","type-post","status-publish","format-standard","has-post-thumbnail","hentry","category-accueil","category-les-candidates"],"_links":{"self":[{"href":"https:\/\/www.saintriquierautrement.fr\/index.php\/wp-json\/wp\/v2\/posts\/1290","targetHints":{"allow":["GET"]}}],"collection":[{"href":"https:\/\/www.saintriquierautrement.fr\/index.php\/wp-json\/wp\/v2\/posts"}],"about":[{"href":"https:\/\/www.saintriquierautrement.fr\/index.php\/wp-json\/wp\/v2\/types\/post"}],"author":[{"embeddable":true,"href":"https:\/\/www.saintriquierautrement.fr\/index.php\/wp-json\/wp\/v2\/users\/4"}],"replies":[{"embeddable":true,"href":"https:\/\/www.saintriquierautrement.fr\/index.php\/wp-json\/wp\/v2\/comments?post=1290"}],"version-history":[{"count":1,"href":"https:\/\/www.saintriquierautrement.fr\/index.php\/wp-json\/wp\/v2\/posts\/1290\/revisions"}],"predecessor-version":[{"id":1291,"href":"https:\/\/www.saintriquierautrement.fr\/index.php\/wp-json\/wp\/v2\/posts\/1290\/revisions\/1291"}],"wp:featuredmedia":[{"embeddable":true,"href":"https:\/\/www.saintriquierautrement.fr\/index.php\/wp-json\/wp\/v2\/media\/1292"}],"wp:attachment":[{"href":"https:\/\/www.saintriquierautrement.fr\/index.php\/wp-json\/wp\/v2\/media?parent=1290"}],"wp:term":[{"taxonomy":"category","embeddable":true,"href":"https:\/\/www.saintriquierautrement.fr\/index.php\/wp-json\/wp\/v2\/categories?post=1290"},{"taxonomy":"post_tag","embeddable":true,"href":"https:\/\/www.saintriquierautrement.fr\/index.php\/wp-json\/wp\/v2\/tags?post=1290"}],"curies":[{"name":"wp","href":"https:\/\/api.w.org\/{rel}","templated":true}]}}