{"id":1298,"date":"2026-03-12T21:30:00","date_gmt":"2026-03-12T20:30:00","guid":{"rendered":"https:\/\/www.saintriquierautrement.fr\/?p=1298"},"modified":"2026-03-12T21:39:35","modified_gmt":"2026-03-12T20:39:35","slug":"propos-de-candidates-valerie-tete-de-liste","status":"publish","type":"post","link":"https:\/\/www.saintriquierautrement.fr\/index.php\/2026\/03\/12\/propos-de-candidates-valerie-tete-de-liste\/","title":{"rendered":"Propos de candidat(e)s : Val\u00e9rie, t\u00eate de liste"},"content":{"rendered":"\n<p>Val\u00e9rie Lecomte, 48 ans, r\u00e9f\u00e9rente emploi, Conseil r\u00e9gional des Hauts de France.<\/p>\n\n\n\n<p>Native de Saint-Riquier, y ayant pass\u00e9 mon enfance, partie pour raisons professionnelles, j\u2019y<br>suis revenue par attachement pour mon village. Maman de deux enfants de 16 ans et<br>bient\u00f4t 9 ans.<\/p>\n\n\n\n<p>Les diff\u00e9rents portraits de candidats que vous avez pu (re)d\u00e9couvrir pr\u00e9sentent la diversit\u00e9<br>des personnes qui sont pr\u00eates \u00e0 s\u2019investir pleinement pour notre village.<\/p>\n\n\n\n<p>Ainsi, je souhaite me pr\u00e9senter \u00e0 l\u2019\u00e9lection municipale avec une conviction forte : il est<br>temps de redonner un nouvel \u00e9lan \u00e0 notre commune.<\/p>\n\n\n\n<p>Notre village m\u00e9rite une vision, un projet et une dynamique \u00e0 la hauteur des attentes de ses<br>habitants. Aujourd\u2019hui, je suis convaincue que nous devons franchir une nouvelle \u00e9tape pour<br>pr\u00e9parer l\u2019avenir et faire \u00e9voluer notre cadre de vie.<\/p>\n\n\n\n<p>J\u2019ai rassembl\u00e9 autour de moi une \u00e9quipe compos\u00e9e de femmes et d\u2019hommes de toutes les<br>g\u00e9n\u00e9rations, engag\u00e9s, motiv\u00e9s et profond\u00e9ment attach\u00e9s \u00e0 notre commune. Cette diversit\u00e9<br>est une richesse : elle nous permet d\u2019avoir des id\u00e9es nouvelles, concr\u00e8tes et adapt\u00e9es aux<br>r\u00e9alit\u00e9s de chacun.<\/p>\n\n\n\n<p>Pendant six ans, j\u2019ai si\u00e9g\u00e9 au conseil municipal avec s\u00e9rieux et assiduit\u00e9. J\u2019ai particip\u00e9<br>activement aux travaux du conseil et j\u2019ai \u00e9t\u00e9 investie dans les commissions du conseil d\u2019\u00e9cole<br>et des pompiers, des th\u00e9matiques essentielles pour la vie locale mais trop souvent n\u00e9glig\u00e9es<br>par la municipalit\u00e9 actuelle. Cette exp\u00e9rience m\u2019a permis de comprendre en profondeur les<br>enjeux de notre commune et d\u2019identifier ce qui doit \u00e9voluer.<\/p>\n\n\n\n<p>Ces six ann\u00e9es ont renforc\u00e9 ma d\u00e9termination : nous pouvons et nous devons faire mieux<br>pour notre village.<\/p>\n\n\n\n<p>Avec l\u2019\u00e9quipe que nous avons constitu\u00e9e, nous portons un programme r\u00e9aliste, concret et<br>ambitieux. Un programme construit dans l\u2019int\u00e9r\u00eat des habitants, pour am\u00e9liorer votre cadre<br>de vie, soutenir nos associations, accompagner nos a\u00een\u00e9s avec respect et attention, et offrir \u00e0<br>notre jeunesse les conditions n\u00e9cessaires pour s\u2019\u00e9panouir ici, chez elle.<\/p>\n\n\n\n<p>Nous voulons une commune plus dynamique, plus attractive, plus verte et fi\u00e8re de son<br>identit\u00e9. Une commune qui ne se contente pas de g\u00e9rer l\u2019existant, mais qui anticipe, innove<br>et pr\u00e9pare l\u2019avenir.<\/p>\n\n\n\n<p>Les prochaines \u00e9lections municipales seront un moment d\u00e9terminant. Votre vote ne sera<br>pas un simple choix de personnes : il sera un choix pour l\u2019avenir de notre commune et pour<br>la qualit\u00e9 de vie de chacun.<\/p>\n\n\n\n<p>Nous sommes pr\u00eats \u00e0 nous investir pleinement pour les six prochaines ann\u00e9es, avec<br>honn\u00eatet\u00e9, efficacit\u00e9 et esprit d\u2019ouverture. Nous voulons rassembler, \u00e9couter et agir.<br>En votant lors des prochaines \u00e9lections municipales, vous aurez l\u2019occasion de choisir l\u2019\u00e9lan, le<br>renouveau\u00a0et\u00a0l\u2019action.<\/p>\n\n\n\n<p>Ensemble, faisons le choix d\u2019une commune qui avance, votons la liste SAINT RIQUIER<br>AUTREMENT\u00a0!<\/p>\n","protected":false},"excerpt":{"rendered":"<p>Val\u00e9rie Lecomte, 48 ans, r\u00e9f\u00e9rente emploi, Conseil r\u00e9gional des Hauts de France. Native de Saint-Riquier, y ayant pass\u00e9 mon enfance,<\/p>\n","protected":false},"author":4,"featured_media":1289,"comment_status":"open","ping_status":"open","sticky":false,"template":"","format":"standard","meta":{"footnotes":""},"categories":[3,1],"tags":[],"class_list":["post-1298","post","type-post","status-publish","format-standard","has-post-thumbnail","hentry","category-accueil","category-les-candidates"],"_links":{"self":[{"href":"https:\/\/www.saintriquierautrement.fr\/index.php\/wp-json\/wp\/v2\/posts\/1298","targetHints":{"allow":["GET"]}}],"collection":[{"href":"https:\/\/www.saintriquierautrement.fr\/index.php\/wp-json\/wp\/v2\/posts"}],"about":[{"href":"https:\/\/www.saintriquierautrement.fr\/index.php\/wp-json\/wp\/v2\/types\/post"}],"author":[{"embeddable":true,"href":"https:\/\/www.saintriquierautrement.fr\/index.php\/wp-json\/wp\/v2\/users\/4"}],"replies":[{"embeddable":true,"href":"https:\/\/www.saintriquierautrement.fr\/index.php\/wp-json\/wp\/v2\/comments?post=1298"}],"version-history":[{"count":1,"href":"https:\/\/www.saintriquierautrement.fr\/index.php\/wp-json\/wp\/v2\/posts\/1298\/revisions"}],"predecessor-version":[{"id":1299,"href":"https:\/\/www.saintriquierautrement.fr\/index.php\/wp-json\/wp\/v2\/posts\/1298\/revisions\/1299"}],"wp:featuredmedia":[{"embeddable":true,"href":"https:\/\/www.saintriquierautrement.fr\/index.php\/wp-json\/wp\/v2\/media\/1289"}],"wp:attachment":[{"href":"https:\/\/www.saintriquierautrement.fr\/index.php\/wp-json\/wp\/v2\/media?parent=1298"}],"wp:term":[{"taxonomy":"category","embeddable":true,"href":"https:\/\/www.saintriquierautrement.fr\/index.php\/wp-json\/wp\/v2\/categories?post=1298"},{"taxonomy":"post_tag","embeddable":true,"href":"https:\/\/www.saintriquierautrement.fr\/index.php\/wp-json\/wp\/v2\/tags?post=1298"}],"curies":[{"name":"wp","href":"https:\/\/api.w.org\/{rel}","templated":true}]}}