{"id":1303,"date":"2026-03-12T16:55:19","date_gmt":"2026-03-12T15:55:19","guid":{"rendered":"https:\/\/www.saintriquierautrement.fr\/?p=1303"},"modified":"2026-03-12T17:04:03","modified_gmt":"2026-03-12T16:04:03","slug":"dimanche-15-mars-les-seuls-gagnants-seront-les-electeurs","status":"publish","type":"post","link":"https:\/\/www.saintriquierautrement.fr\/index.php\/2026\/03\/12\/dimanche-15-mars-les-seuls-gagnants-seront-les-electeurs\/","title":{"rendered":"Dimanche 15 mars, les seuls gagnants seront les \u00e9lecteurs !"},"content":{"rendered":"\n<p>A la suite des <a href=\"https:\/\/www.saintriquierautrement.fr\/index.php\/2026\/03\/10\/conseil-municipal-du-9-mars-2026-le-compte-rendu-des-elus-de-saint-riquier-autrement\/\">propos du maire , Yves Monin, en conseil municipal du 9 mars dernier, relatifs \u00e0 l&#8217;organisation des \u00e9lections municipales<\/a>, la liste &#8221; Saint Riquier Autrement &#8221; l&#8217;a saisi par courriel pour rappeler au respect de la loi.<\/p>\n\n\n\n<p>&#8221; Par la pr\u00e9sente, j&#8217;attire une nouvelle fois votre attention sur la n\u00e9cessit\u00e9 de respecter les dispositions du code \u00e9lectoral lors des \u00e9lections du dimanche 15 mars 2026.<\/p>\n\n\n\n<p>Tel que vous avez annonc\u00e9 les dispositions, il ressort que ce sont les membres de votre liste qui tiennent le bureau de vote et le d\u00e9pouillement.<\/p>\n\n\n\n<p>La participation des membres de notre liste appara\u00eet en effet nettement insuffisante. Il ressort de cette situation, si vous la maintenez, qu&#8217;un doute s\u00e9rieux p\u00e8se&nbsp;sur l&#8217;int\u00e9grit\u00e9des op\u00e9rationsde vote et du d\u00e9pouillement.<\/p>\n\n\n\n<p>En tout \u00e9tat de cause, tout manquement et toute anomalie constat\u00e9e sera notifi\u00e9 au proc\u00e8s-verbal et nous saisirons le tribunal administratif&nbsp;si n\u00e9cessaire. &#8220;<br><br>Conform\u00e9ment \u00e0 l&#8217;article L 67 du code \u00e9lectoral les membres de notre liste useront, autant que de besoin, de leur &#8221;&nbsp;<em>droit \u00e0 contr\u00f4ler toutes les op\u00e9rations de vote, de d\u00e9pouillement des bulletins et de d\u00e9compte des voix, &#8230;. ainsi que d&#8217;exiger l&#8217;inscription au proc\u00e8s verbal de toutes observations, protestation ou contestations sur lesdites&nbsp;op\u00e9rations &#8230;<\/em>&nbsp;&#8220;.<\/p>\n\n\n\n<p>Il a \u00e9t\u00e9 \u00e9galement notifi\u00e9 au maire la d\u00e9signation de nos accesseurs, en application des articles R 42, 44 et 45 du code \u00e9lectoral, pour la tenue du bureau de vote.<\/p>\n\n\n\n<p>Concernant le d\u00e9pouillement, conform\u00e9ment \u00e0 l&#8217;article R45 du code \u00e9lectoral pris en application de l&#8217;article L 65 du m\u00eame code, la t\u00eate de liste de &#8220;Saint riquier Autrement&#8221; indiquera en cours de la journ\u00e9e du 15 mars, le nom des \u00e9lecteurs d\u00e9sign\u00e9s par notre liste pour participer \u00e0 cette op\u00e9ration.<\/p>\n\n\n\n<p>Les membres de liste &#8220;Saint Riquier Autrement&#8221; souhaitent que les op\u00e9rations de vote se d\u00e9roulent dans la s\u00e9r\u00e9nit\u00e9. La loi est faite pour cela. C&#8217;est pourquoi nous appelons \u00e0 la respecter.<\/p>\n\n\n\n<p>Le 15 mars au soir, les seuls gagnants doivent \u00eatre les \u00e9lecteurs dont le choix majoritaire aura tout notre respect. Quel qu&#8217;il soit.<br><br><\/p>\n","protected":false},"excerpt":{"rendered":"<p>A la suite des propos du maire , Yves Monin, en conseil municipal du 9 mars dernier, relatifs \u00e0 l&#8217;organisation<\/p>\n","protected":false},"author":4,"featured_media":1304,"comment_status":"open","ping_status":"open","sticky":false,"template":"","format":"standard","meta":{"footnotes":""},"categories":[3,22],"tags":[],"class_list":["post-1303","post","type-post","status-publish","format-standard","has-post-thumbnail","hentry","category-accueil","category-elections2026"],"_links":{"self":[{"href":"https:\/\/www.saintriquierautrement.fr\/index.php\/wp-json\/wp\/v2\/posts\/1303","targetHints":{"allow":["GET"]}}],"collection":[{"href":"https:\/\/www.saintriquierautrement.fr\/index.php\/wp-json\/wp\/v2\/posts"}],"about":[{"href":"https:\/\/www.saintriquierautrement.fr\/index.php\/wp-json\/wp\/v2\/types\/post"}],"author":[{"embeddable":true,"href":"https:\/\/www.saintriquierautrement.fr\/index.php\/wp-json\/wp\/v2\/users\/4"}],"replies":[{"embeddable":true,"href":"https:\/\/www.saintriquierautrement.fr\/index.php\/wp-json\/wp\/v2\/comments?post=1303"}],"version-history":[{"count":2,"href":"https:\/\/www.saintriquierautrement.fr\/index.php\/wp-json\/wp\/v2\/posts\/1303\/revisions"}],"predecessor-version":[{"id":1306,"href":"https:\/\/www.saintriquierautrement.fr\/index.php\/wp-json\/wp\/v2\/posts\/1303\/revisions\/1306"}],"wp:featuredmedia":[{"embeddable":true,"href":"https:\/\/www.saintriquierautrement.fr\/index.php\/wp-json\/wp\/v2\/media\/1304"}],"wp:attachment":[{"href":"https:\/\/www.saintriquierautrement.fr\/index.php\/wp-json\/wp\/v2\/media?parent=1303"}],"wp:term":[{"taxonomy":"category","embeddable":true,"href":"https:\/\/www.saintriquierautrement.fr\/index.php\/wp-json\/wp\/v2\/categories?post=1303"},{"taxonomy":"post_tag","embeddable":true,"href":"https:\/\/www.saintriquierautrement.fr\/index.php\/wp-json\/wp\/v2\/tags?post=1303"}],"curies":[{"name":"wp","href":"https:\/\/api.w.org\/{rel}","templated":true}]}}