{"id":1307,"date":"2026-03-13T15:00:00","date_gmt":"2026-03-13T14:00:00","guid":{"rendered":"https:\/\/www.saintriquierautrement.fr\/?p=1307"},"modified":"2026-03-12T21:58:31","modified_gmt":"2026-03-12T20:58:31","slug":"deux-listes-deux-demarches-opposees","status":"publish","type":"post","link":"https:\/\/www.saintriquierautrement.fr\/index.php\/2026\/03\/13\/deux-listes-deux-demarches-opposees\/","title":{"rendered":"Deux listes, deux d\u00e9marches oppos\u00e9es !"},"content":{"rendered":"\n<h2 class=\"wp-block-heading has-background\" style=\"background-color:#a5f378\"><strong>De v\u00e9ritables projets avec &nbsp;la &nbsp;liste &nbsp;\u00ab&nbsp;Saint riquier autrement&nbsp;\u00bb<\/strong><\/h2>\n\n\n\n<p>La liste Saint Riquier Autrement vous propose un programme concret en mati\u00e8re&nbsp;:<\/p>\n\n\n\n<ul class=\"wp-block-list\">\n<li>de s\u00e9curit\u00e9 en engageant un plan de r\u00e9fection des trottoirs qui sont trop souvent dangereux voire inexistants. La circulation routi\u00e8re est un gros point de difficult\u00e9 qui m\u00e9rite beaucoup mieux que &#8220;<em>les conducteurs doivent faire attention<\/em>&#8221; l\u00e2ch\u00e9 par le maire \u00e0 la journaliste de Weo qui l\u2019interrogeait sur la dangerosit\u00e9 du carrefour de la place&nbsp;;<\/li>\n<\/ul>\n\n\n\n<ul class=\"wp-block-list\">\n<li>de cadre de vie en am\u00e9liorant les services et en cr\u00e9ant une politique de fleurissement de la commune&nbsp;;<\/li>\n<\/ul>\n\n\n\n<ul class=\"wp-block-list\">\n<li>de vie citoyenne en mettant fin aux d\u00e9cisions prises sans la moindre concertation et sans r\u00e9el d\u00e9bat. Il est temps que le climat actuel cesse. Un maire n\u2019est pas un chef de village qui d\u00e9cide seul du sort des habitants. C\u2019est pourquoi nous envisageons la cr\u00e9ation d\u2019un conseil des jeunes et un conseil des anciens. Nous prenons \u00e9galement l\u2019engagement de g\u00e9rer la commune en concertation \u00e9troite avec la population&nbsp;;<\/li>\n<\/ul>\n\n\n\n<ul class=\"wp-block-list\">\n<li>de sant\u00e9 en menant une action d\u00e9termin\u00e9e pour que la qualit\u00e9 de l\u2019eau d\u00e9nonc\u00e9e par l\u2019Agence R\u00e9gionale de Sant\u00e9 revienne \u00e0 un niveau normal. Ce n\u2019est pas en niant le probl\u00e8me, comme le fait le maire, que le probl\u00e8me se r\u00e8glera&nbsp;;<\/li>\n<\/ul>\n\n\n\n<ul class=\"wp-block-list\">\n<li>de vie associative et culturelle en \u00e9tablissant des crit\u00e8res transparents pour le soutien des associations et en d\u00e9veloppant les partenariats entre la commune et la biblioth\u00e8que, le centre culturel, Le Pr\u00e9\u00f4, etc&#8230;<\/li>\n<\/ul>\n\n\n\n<ul class=\"wp-block-list\">\n<li>plus g\u00e9n\u00e9ralement de d\u00e9fense des int\u00e9r\u00eats de la commune en \u00e9tant pr\u00e9sents aux r\u00e9unions des organismes institutionnels. En n\u2019ayant particip\u00e9 qu\u2019\u00e0 5 r\u00e9unions du conseil communautaire sur les 29 qui ont eu lieu durant son mandat, le maire sortant ne peut pas pr\u00e9tendre d\u00e9fendre efficacement les int\u00e9r\u00eats de Saint Riquier.<\/li>\n<\/ul>\n\n\n\n<h3 class=\"wp-block-heading has-text-align-center has-background\" style=\"background-color:#a5f378\"><strong>Le 15 mars, votez pour l\u2019avenir de Saint riquier&nbsp;! Votez Saint Riquier Autrement&nbsp;!<\/strong><\/h3>\n\n\n\n<h2 class=\"wp-block-heading has-background\" style=\"background-color:#f4baba\"><strong>Une \u00c9quipe sortante \u00e0 bout de souffle&nbsp;!<\/strong><\/h2>\n\n\n\n<figure class=\"wp-block-image size-large\"><img loading=\"lazy\" decoding=\"async\" width=\"1024\" height=\"257\" src=\"http:\/\/www.saintriquierautrement.fr\/wp-content\/uploads\/2026\/03\/Program_Momo_2026-03-12-1024x257.png\" alt=\"\" class=\"wp-image-1309\" srcset=\"https:\/\/www.saintriquierautrement.fr\/wp-content\/uploads\/2026\/03\/Program_Momo_2026-03-12-1024x257.png 1024w, https:\/\/www.saintriquierautrement.fr\/wp-content\/uploads\/2026\/03\/Program_Momo_2026-03-12-300x75.png 300w, https:\/\/www.saintriquierautrement.fr\/wp-content\/uploads\/2026\/03\/Program_Momo_2026-03-12-768x193.png 768w, https:\/\/www.saintriquierautrement.fr\/wp-content\/uploads\/2026\/03\/Program_Momo_2026-03-12-1536x386.png 1536w, https:\/\/www.saintriquierautrement.fr\/wp-content\/uploads\/2026\/03\/Program_Momo_2026-03-12-1320x332.png 1320w, https:\/\/www.saintriquierautrement.fr\/wp-content\/uploads\/2026\/03\/Program_Momo_2026-03-12.png 1766w\" sizes=\"auto, (max-width: 1024px) 100vw, 1024px\" \/><\/figure>\n\n\n\n<p>Dans une circulaire au ton volontiers donneur de le\u00e7ons, le maire sortant vous pr\u00e9sentait, \u00e0 une semaine du scrutin, ses colistiers en pr\u00e9cisant que la liste travaillait sur des projets d\u2019avenir qui vous seraient pr\u00e9sent\u00e9s dans les prochains jours.<\/p>\n\n\n\n<p>Ceux qui ont un peu de m\u00e9moire ou qui ont conserv\u00e9 la circulaire des \u00e9lections pr\u00e9c\u00e9dentes auront not\u00e9 un manque d\u2019imagination certain puisqu\u2019en 6 ans le texte n\u2019avait pratiquement pas vari\u00e9.<\/p>\n\n\n\n<p>Mais on \u00e9tait davantage surpris par le manque de projet \u00e0 une date aussi proche de l\u2019\u00e9ch\u00e9ance.<\/p>\n\n\n\n<p>Il aura fallu attendre le 12 mars pour que soient enfin d\u00e9voil\u00e9s ces si myst\u00e9rieux projets d\u2019avenir. Et l\u00e0, ceux qui avaient encore quelque espoir (\u00e7a existe encore !) sont tomb\u00e9s de haut&nbsp;!<\/p>\n\n\n\n<p>On commence par l\u2019enfouissement des r\u00e9seaux dans la rue verte. Fort bien&nbsp;! Sauf que cette demande pr\u00e9sent\u00e9e l\u2019an dernier par une colisti\u00e8re du maire a \u00e9t\u00e9 rejet\u00e9e sous pr\u00e9texte que \u00e7a co\u00fbtait trop cher. On aimerait comprendre\u2026<\/p>\n\n\n\n<p>Compte tenu du d\u00e9lai de r\u00e9flexion, on s\u2019attendait \u00e0 de grands projets pour l\u2019avenir de la commune. Eh bien pas du tout&nbsp;! Parmi les projets d\u2019avenir, on compte deux fois le mot &#8220;poursuite&#8221; et deux fois le mot &#8220;continuer&#8221;. Continuer ce qui est d\u00e9j\u00e0 d\u00e9cid\u00e9, ce n\u2019est pas porter un projet d\u2019avenir, c\u2019est appliquer ce qui existe d\u00e9j\u00e0.<\/p>\n\n\n\n<p>On note \u00e9galement la cr\u00e9ation d\u2019all\u00e9es bitum\u00e9es dans le cimeti\u00e8re et le changement des rideaux de la salle des f\u00eates. Voil\u00e0 deux d\u00e9cisions que la population centuloise attendait avec impatience&nbsp;et qui vont changer la vie de tous !<\/p>\n\n\n\n<p>Nous n\u2019aurons pas la cruaut\u00e9 d\u2019\u00e9num\u00e9rer la liste des pr\u00e9tendus projets d\u2019avenir de la liste sortante car ce ne sont que des d\u00e9cisions qui rel\u00e8vent de la gestion courante et d\u00e9montrent un manque total d\u2019ambition pour notre belle cit\u00e9.<\/p>\n\n\n\n<p>Il est clair que le seul projet du maire sortant est de s\u2019accrocher \u00e0 son \u00e9charpe pour continuer \u00e0 favoriser sa client\u00e8le et \u00e0 pers\u00e9cuter ceux qui n\u2019ont pas le bon go\u00fbt de penser comme lui.<\/p>\n\n\n\n<p class=\"has-text-align-center has-background\" style=\"background-color:#f4baba\"><strong>Il y a un point sur lequel nous sommes d\u2019accord avec lui&nbsp;: il est grand temps qu\u2019une page se tourne.<\/strong><\/p>\n\n\n\n<p><\/p>\n","protected":false},"excerpt":{"rendered":"<p>De v\u00e9ritables projets avec &nbsp;la &nbsp;liste &nbsp;\u00ab&nbsp;Saint riquier autrement&nbsp;\u00bb La liste Saint Riquier Autrement vous propose un programme concret en<\/p>\n","protected":false},"author":4,"featured_media":1310,"comment_status":"open","ping_status":"open","sticky":false,"template":"","format":"standard","meta":{"footnotes":""},"categories":[3,22],"tags":[],"class_list":["post-1307","post","type-post","status-publish","format-standard","has-post-thumbnail","hentry","category-accueil","category-elections2026"],"_links":{"self":[{"href":"https:\/\/www.saintriquierautrement.fr\/index.php\/wp-json\/wp\/v2\/posts\/1307","targetHints":{"allow":["GET"]}}],"collection":[{"href":"https:\/\/www.saintriquierautrement.fr\/index.php\/wp-json\/wp\/v2\/posts"}],"about":[{"href":"https:\/\/www.saintriquierautrement.fr\/index.php\/wp-json\/wp\/v2\/types\/post"}],"author":[{"embeddable":true,"href":"https:\/\/www.saintriquierautrement.fr\/index.php\/wp-json\/wp\/v2\/users\/4"}],"replies":[{"embeddable":true,"href":"https:\/\/www.saintriquierautrement.fr\/index.php\/wp-json\/wp\/v2\/comments?post=1307"}],"version-history":[{"count":2,"href":"https:\/\/www.saintriquierautrement.fr\/index.php\/wp-json\/wp\/v2\/posts\/1307\/revisions"}],"predecessor-version":[{"id":1311,"href":"https:\/\/www.saintriquierautrement.fr\/index.php\/wp-json\/wp\/v2\/posts\/1307\/revisions\/1311"}],"wp:featuredmedia":[{"embeddable":true,"href":"https:\/\/www.saintriquierautrement.fr\/index.php\/wp-json\/wp\/v2\/media\/1310"}],"wp:attachment":[{"href":"https:\/\/www.saintriquierautrement.fr\/index.php\/wp-json\/wp\/v2\/media?parent=1307"}],"wp:term":[{"taxonomy":"category","embeddable":true,"href":"https:\/\/www.saintriquierautrement.fr\/index.php\/wp-json\/wp\/v2\/categories?post=1307"},{"taxonomy":"post_tag","embeddable":true,"href":"https:\/\/www.saintriquierautrement.fr\/index.php\/wp-json\/wp\/v2\/tags?post=1307"}],"curies":[{"name":"wp","href":"https:\/\/api.w.org\/{rel}","templated":true}]}}