{"id":1315,"date":"2026-03-16T21:26:04","date_gmt":"2026-03-16T20:26:04","guid":{"rendered":"https:\/\/www.saintriquierautrement.fr\/?p=1315"},"modified":"2026-03-17T10:58:54","modified_gmt":"2026-03-17T09:58:54","slug":"elections-du-15-mars-2026-la-recap","status":"publish","type":"post","link":"https:\/\/www.saintriquierautrement.fr\/index.php\/2026\/03\/16\/elections-du-15-mars-2026-la-recap\/","title":{"rendered":"Elections du 15 mars 2026, le r\u00e9cap !"},"content":{"rendered":"\n<p class=\"has-medium-font-size\"><em>Ce r\u00e9capitulatif est l&#8217;occasion de rappeler les r\u00e9sultats de l&#8217;\u00e9lection du conseil municipal de Saint-Riquier pour le mandat 2026 &#8211; 2032, et des quelques p\u00e9rip\u00e9ties qui ont suivi cet \u00e9v\u00e9nement &#8230;<\/em><\/p>\n\n\n\n<h3 class=\"wp-block-heading\">Le r\u00e9cap&#8217;<\/h3>\n\n\n\n<ul class=\"wp-block-list\">\n<li>Inscrits : 902<\/li>\n\n\n\n<li>Votants : 757<\/li>\n\n\n\n<li>Exprim\u00e9es : 735<\/li>\n\n\n\n<li>Blancs : 10<\/li>\n\n\n\n<li>Nuls : 12<\/li>\n<\/ul>\n\n\n\n<p class=\"has-background\" style=\"background-color:#f9e3c4\"><strong>Saint Riquier Autrement :<\/strong> 248 voix et 2 \u00e9lus, Mme Val\u00e9rie Lecomte et M Daniel Balavoine et un \u00e9lu communautaire.<\/p>\n\n\n\n<p><strong>Liste Monin :<\/strong> 487 voix et 13 \u00e9lus, les treize premiers de leur liste et deux \u00e9lus communautaires.<\/p>\n\n\n\n<p class=\"has-background\" style=\"background-color:#f9e3c4\">Point positif \u00e0 souligner dans un contexte de faible participation \u00e9lectorale : la concurrence de deux listes a g\u00e9n\u00e9r\u00e9 une tr\u00e8s forte participation des \u00e9lecteurs.<\/p>\n\n\n\n<h3 class=\"wp-block-heading\">Saint Riquier Autrement entre au Conseil Communautaire<\/h3>\n\n\n\n<p>La liste Monin a deux \u00e9lus communautaires (moins 1) et notre liste Saint Riquier Autrement, 1 \u00e9lue (plus 1). Ainsi, vos voix font entrer un de nos membres au Conseil communautaire du Ponthieu Marquenterre. Ce qui d\u00e9montre que vous avez fait progresser (modestement, certes, mais progresser n\u00e9anmoins !) notre liste depuis l&#8217;\u00e9lection de 2020.<\/p>\n\n\n\n<p class=\"has-background\" style=\"background-color:#f9e3c4\">Merci \u00e0 celles et ceux qui se sont impliqu\u00e9s, ont vot\u00e9 et fait voter pour un &#8220;Saint Riquier Autrement&#8221;, c&#8217;est une reconnaissance essentielle de notre investissement !<\/p>\n\n\n\n<h3 class=\"wp-block-heading\">Les r\u00e8gles \u00e9lectorales globalement respect\u00e9es &#8230; une premi\u00e8re depuis bien longtemps !<\/h3>\n\n\n\n<div class=\"wp-block-media-text is-stacked-on-mobile\"><figure class=\"wp-block-media-text__media\"><img loading=\"lazy\" decoding=\"async\" width=\"744\" height=\"992\" src=\"http:\/\/www.saintriquierautrement.fr\/wp-content\/uploads\/2026\/03\/SRA2026_0315_4.jpg\" alt=\"\" class=\"wp-image-1319 size-full\" srcset=\"https:\/\/www.saintriquierautrement.fr\/wp-content\/uploads\/2026\/03\/SRA2026_0315_4.jpg 744w, https:\/\/www.saintriquierautrement.fr\/wp-content\/uploads\/2026\/03\/SRA2026_0315_4-225x300.jpg 225w\" sizes=\"auto, (max-width: 744px) 100vw, 744px\" \/><\/figure><div class=\"wp-block-media-text__content\">\n<p>La tenue de la journ\u00e9e \u00e9lectorale de 2020 avait \u00e9t\u00e9 celle du &#8220;grand n&#8217;importe quoi&#8221;. Covid et grand \u00e9cart de voix avait convaincu \u00e0 l&#8217;\u00e9poque la liste de &#8221; Saint Riquier Autrement &#8221; \u00e0 ne pas aller devant le Tribunal Administratif o\u00f9 nous aurions immanquablement obtenu l&#8217;annulation du scrutin.<\/p>\n\n\n\n<p>Cette ann\u00e9e, s\u00e9rieusement mis en garde par nos soins, Yves Monin a fini (\u00e0 reculons, c&#8217;est tellement dur de respecter la loi !) par se plier aux exigences du l\u00e9gislateur. Rappelons \u00e0 cette occasion que respecter la loi, c&#8217;est avoir les m\u00eames r\u00e8gles&nbsp;pour tous, et non pas celle de celui qui se consid\u00e8re le plus fort.<\/p>\n\n\n\n<p>Les \u00e9lecteurs de tous bords y gagnent un r\u00e9sultat incontest\u00e9 car, \u00e0 nos yeux exempt de vice flagrant.<\/p>\n<\/div><\/div>\n\n\n\n<p class=\"has-background\" style=\"background-color:#f9e3c4\">Les Centulois les plus anciens reconna\u00eetront que la tenue d&#8217;un vote dans ces conditions ne s&#8217;\u00e9tait pas produit depuis bien longtemps. Merci qui &#8230; merci &#8220;Saint Riquier Autrement&#8221; !<\/p>\n\n\n\n<h3 class=\"wp-block-heading\">Les procurations &#8230; une pratique bien ancr\u00e9e dans les habitudes de l&#8217;\u00e9quipe majoritaire<\/h3>\n\n\n\n<p>Vu la diff\u00e9rence de voix, nul risque pour l&#8217;\u00e9quipe majoritaire de ce c\u00f4t\u00e9. Cependant, un r\u00e9sultat serr\u00e9 nous aurait amen\u00e9 \u00e0 questionner la justice sur les conditions de recueil de ces procurations. <\/p>\n\n\n\n<p>Que cela soit pris comme un avertissement pour dans 6 ans.<\/p>\n\n\n\n<h3 class=\"wp-block-heading\">&#8220;Saint Riquier Autrement&#8221; d\u00e9\u00e7u ?<\/h3>\n\n\n\n<p>Oui bien s\u00fbr : nous nous attendions \u00e0 un r\u00e9sultat plus serr\u00e9 de l&#8217;ordre de 40 \/ 60 %. Ce fut 70 \/ 30. C&#8217;est le choix des Centulois, donc on le respecte. Cela nous am\u00e8ne \u00e0 divers ajustements dans le r\u00f4le des membres de notre liste. Des ajustements qui interviendront au fur et \u00e0 mesure des&nbsp;d\u00e9cisions des membres de &#8221; Saint Riquier Autrement &#8220;.<\/p>\n\n\n\n<p class=\"has-background\" style=\"background-color:#f9e3c4\"><strong>Aujourd&#8217;hui, nous nous int\u00e9ressons surtout aux 248 \u00e9lecteurs qui nous ont accord\u00e9 leur confiance pour que Saint-Riquier \u00e9volue dans le 21\u00e8me si\u00e8cle. Qu&#8217;ils se rassurent, notre liste ind\u00e9pendante, toute minoritaire qu&#8217;elle soit au sein du conseil municipal ne manquera pas d&#8217;utiliser les ressources disponibles pour voir nos aspirations se concr\u00e9tiser d&#8217;une mani\u00e8re ou d&#8217;une autre. Simplement, ce sera plus ardu. Mais ce n&#8217;est pas la difficult\u00e9 qui fera reculer les membres de &#8220;Saint Riquier Autrement&#8221; !<\/strong><\/p>\n\n\n\n<h3 class=\"wp-block-heading\">Victoire (et &#8220;arrosage&#8221; excessif ?) : un cocktail inad\u00e9quat<\/h3>\n\n\n\n<p>En ce lundi 16 mars 2026, sans r\u00e9elle surprise, nous avons constat\u00e9 nombre de cintres \u00e0 vestes sur nos maisons. Beaucoup jet\u00e9s \u00e0 la &#8220;va vite&#8221; au vu du nombre de d\u00e9chets de cette nature sur la voie publique. Cela pour nous renvoyer \u00e0 la tradition d\u00e9su\u00e8te de la &#8220;veste&#8221; \u00e9lectorale &#8230;<\/p>\n\n\n\n<p>Plus perturbant, notre jeune colisti\u00e8re de 18 ans a \u00e9t\u00e9 gratifi\u00e9e de jets d&#8217;\u0153ufs sur la fa\u00e7ade de la maison de ses parents. Le jaune d&#8217;oeuf s&#8217;\u00e9tant inscrust\u00e9 dans le support, il ne sera pas possible de nettoyer sans alt\u00e9rer la facade, une situation qui justifie une plainte au p\u00e9nal.<\/p>\n\n\n\n<p class=\"has-background\" style=\"background-color:#f9e3c4\">Ce qui perturbe sont les constats suivants : notre colisti\u00e8re vis\u00e9e est la plus jeune, 18 ans. Elle est une femme. Et elle est la seule trait\u00e9e de la sorte. Faut-il en conclure qu&#8217;\u00eatre jeune, femme et impliqu\u00e9e dans l&#8217;\u00e9lection municipale constitue un comportement citoyen inaceptable pour des vainqueurs peut-\u00eatre trop alccolis\u00e9s et dont le machisme aurait pris le dessus dans un acc\u00e8s de testost\u00e9rone incontr\u00f4l\u00e9 ? ou les deux \u00e0 la fois ?<\/p>\n\n\n\n<p>Bref : c&#8217;est affligeant et cela donne la mesure de tout le travail \u00e0 faire pour que notre soci\u00e9t\u00e9 soit vivable pour tous !<\/p>\n\n\n\n<figure class=\"wp-block-image size-large\"><img loading=\"lazy\" decoding=\"async\" width=\"1024\" height=\"517\" src=\"http:\/\/www.saintriquierautrement.fr\/wp-content\/uploads\/2026\/03\/SRA_20260316-1-1024x517.jpg\" alt=\"\" class=\"wp-image-1317\" srcset=\"https:\/\/www.saintriquierautrement.fr\/wp-content\/uploads\/2026\/03\/SRA_20260316-1-1024x517.jpg 1024w, https:\/\/www.saintriquierautrement.fr\/wp-content\/uploads\/2026\/03\/SRA_20260316-1-300x151.jpg 300w, https:\/\/www.saintriquierautrement.fr\/wp-content\/uploads\/2026\/03\/SRA_20260316-1-768x388.jpg 768w, https:\/\/www.saintriquierautrement.fr\/wp-content\/uploads\/2026\/03\/SRA_20260316-1-1320x666.jpg 1320w, https:\/\/www.saintriquierautrement.fr\/wp-content\/uploads\/2026\/03\/SRA_20260316-1.jpg 1407w\" sizes=\"auto, (max-width: 1024px) 100vw, 1024px\" \/><\/figure>\n\n\n\n<p>En remerciant encore les \u00e9lectrices et \u00e9lecteurs qui nous ont accord\u00e9 leur confiance,<\/p>\n\n\n\n<p>La liste &#8220;Saint Riquier Autrement&#8221;<\/p>\n\n\n\n<p><\/p>\n","protected":false},"excerpt":{"rendered":"<p>Ce r\u00e9capitulatif est l&#8217;occasion de rappeler les r\u00e9sultats de l&#8217;\u00e9lection du conseil municipal de Saint-Riquier pour le mandat 2026 &#8211;<\/p>\n","protected":false},"author":4,"featured_media":1318,"comment_status":"open","ping_status":"open","sticky":false,"template":"","format":"standard","meta":{"footnotes":""},"categories":[3,22,11],"tags":[],"class_list":["post-1315","post","type-post","status-publish","format-standard","has-post-thumbnail","hentry","category-accueil","category-elections2026","category-linfo_centuloise"],"_links":{"self":[{"href":"https:\/\/www.saintriquierautrement.fr\/index.php\/wp-json\/wp\/v2\/posts\/1315","targetHints":{"allow":["GET"]}}],"collection":[{"href":"https:\/\/www.saintriquierautrement.fr\/index.php\/wp-json\/wp\/v2\/posts"}],"about":[{"href":"https:\/\/www.saintriquierautrement.fr\/index.php\/wp-json\/wp\/v2\/types\/post"}],"author":[{"embeddable":true,"href":"https:\/\/www.saintriquierautrement.fr\/index.php\/wp-json\/wp\/v2\/users\/4"}],"replies":[{"embeddable":true,"href":"https:\/\/www.saintriquierautrement.fr\/index.php\/wp-json\/wp\/v2\/comments?post=1315"}],"version-history":[{"count":6,"href":"https:\/\/www.saintriquierautrement.fr\/index.php\/wp-json\/wp\/v2\/posts\/1315\/revisions"}],"predecessor-version":[{"id":1328,"href":"https:\/\/www.saintriquierautrement.fr\/index.php\/wp-json\/wp\/v2\/posts\/1315\/revisions\/1328"}],"wp:featuredmedia":[{"embeddable":true,"href":"https:\/\/www.saintriquierautrement.fr\/index.php\/wp-json\/wp\/v2\/media\/1318"}],"wp:attachment":[{"href":"https:\/\/www.saintriquierautrement.fr\/index.php\/wp-json\/wp\/v2\/media?parent=1315"}],"wp:term":[{"taxonomy":"category","embeddable":true,"href":"https:\/\/www.saintriquierautrement.fr\/index.php\/wp-json\/wp\/v2\/categories?post=1315"},{"taxonomy":"post_tag","embeddable":true,"href":"https:\/\/www.saintriquierautrement.fr\/index.php\/wp-json\/wp\/v2\/tags?post=1315"}],"curies":[{"name":"wp","href":"https:\/\/api.w.org\/{rel}","templated":true}]}}