{"id":723,"date":"2021-12-06T17:21:48","date_gmt":"2021-12-06T16:21:48","guid":{"rendered":"http:\/\/www.saintriquierautrement.fr\/?p=723"},"modified":"2021-12-06T17:21:49","modified_gmt":"2021-12-06T16:21:49","slug":"conseil-municipal-du-30-novembre-2021-le-compte-rendu-de-vos-elus-de-la-liste-saint-riquier-autrement","status":"publish","type":"post","link":"https:\/\/www.saintriquierautrement.fr\/index.php\/2021\/12\/06\/conseil-municipal-du-30-novembre-2021-le-compte-rendu-de-vos-elus-de-la-liste-saint-riquier-autrement\/","title":{"rendered":"Conseil Municipal du 30 novembre 2021 :  le compte rendu de vos \u00e9lus de la liste &#8220;Saint-Riquier Autrement&#8221;"},"content":{"rendered":"\n<p><a href=\"http:\/\/www.saintriquierautrement.fr\/wp-content\/uploads\/2021\/12\/CR-CM-du-30-11-2021-VDa.pdf\" target=\"_blank\" rel=\"noreferrer noopener\"><strong>ICI, le compte rendu int\u00e9gral \u00e9tablit par les vos \u00e9lus de &#8221; Saint-Riquier Autrement &#8220;<\/strong><\/a><\/p>\n\n\n\n<h2 class=\"wp-block-heading\"><strong>Les principaux points trait\u00e9s :<\/strong><\/h2>\n\n\n\n<p>Num\u00e9rotation Rue du G\u00e9n\u00e9ral de Gaulle et Rue de Gueschart&nbsp;:<\/p>\n\n\n\n<p>Effacement des r\u00e9seaux Rue Notre Dame&nbsp;<\/p>\n\n\n\n<p>Emprunt&nbsp;pour r\u00e9fection des trottoirs rue Notre &#8211; Dame<\/p>\n\n\n\n<p>Cr\u00e9ation de 3 places&nbsp;au parking mairie<\/p>\n\n\n\n<p>Travaux Rue de la Fert\u00e9&nbsp;:<\/p>\n\n\n\n<p>Vente de bois \u00e0 10 euros le&nbsp;st\u00e8re<\/p>\n\n\n\n<p>Conseil d\u2019Ecole&nbsp;: conseill\u00e8re municipale non convoqu\u00e9e, fermeture potentielle d\u2019une classe<\/p>\n\n\n\n<p>Nuit de la lecture au Centre culturel, le 22 janvier 2022<\/p>\n\n\n\n<p>Avenir de la maison de Mme Rolande SELLIER, d\u00e9c\u00e9d\u00e9e (Rue Notre Dame \u00e0 c\u00f4t\u00e9 de la r\u00e9sidence Becquestoile).<\/p>\n\n\n\n<p>Salle de sports&nbsp;: \u00e0 nouveau utilisable<\/p>\n\n\n\n<p>Remise des colis des A\u00een\u00e9s, le vendredi 10 d\u00e9cembre 2021, \u00e0 la salle Multifonction<\/p>\n\n\n\n<p>Manifestation de No\u00ebl pour les enfants&nbsp;: samedi 11 d\u00e9cembre entre 10 heures et 17 heures<\/p>\n","protected":false},"excerpt":{"rendered":"<p>ICI, le compte rendu int\u00e9gral \u00e9tablit par les vos \u00e9lus de &#8221; Saint-Riquier Autrement &#8220; Les principaux points trait\u00e9s :<\/p>\n","protected":false},"author":4,"featured_media":725,"comment_status":"open","ping_status":"open","sticky":false,"template":"","format":"standard","meta":{"footnotes":""},"categories":[3,8],"tags":[],"class_list":["post-723","post","type-post","status-publish","format-standard","has-post-thumbnail","hentry","category-accueil","category-conseilmunicipal"],"_links":{"self":[{"href":"https:\/\/www.saintriquierautrement.fr\/index.php\/wp-json\/wp\/v2\/posts\/723","targetHints":{"allow":["GET"]}}],"collection":[{"href":"https:\/\/www.saintriquierautrement.fr\/index.php\/wp-json\/wp\/v2\/posts"}],"about":[{"href":"https:\/\/www.saintriquierautrement.fr\/index.php\/wp-json\/wp\/v2\/types\/post"}],"author":[{"embeddable":true,"href":"https:\/\/www.saintriquierautrement.fr\/index.php\/wp-json\/wp\/v2\/users\/4"}],"replies":[{"embeddable":true,"href":"https:\/\/www.saintriquierautrement.fr\/index.php\/wp-json\/wp\/v2\/comments?post=723"}],"version-history":[{"count":1,"href":"https:\/\/www.saintriquierautrement.fr\/index.php\/wp-json\/wp\/v2\/posts\/723\/revisions"}],"predecessor-version":[{"id":726,"href":"https:\/\/www.saintriquierautrement.fr\/index.php\/wp-json\/wp\/v2\/posts\/723\/revisions\/726"}],"wp:featuredmedia":[{"embeddable":true,"href":"https:\/\/www.saintriquierautrement.fr\/index.php\/wp-json\/wp\/v2\/media\/725"}],"wp:attachment":[{"href":"https:\/\/www.saintriquierautrement.fr\/index.php\/wp-json\/wp\/v2\/media?parent=723"}],"wp:term":[{"taxonomy":"category","embeddable":true,"href":"https:\/\/www.saintriquierautrement.fr\/index.php\/wp-json\/wp\/v2\/categories?post=723"},{"taxonomy":"post_tag","embeddable":true,"href":"https:\/\/www.saintriquierautrement.fr\/index.php\/wp-json\/wp\/v2\/tags?post=723"}],"curies":[{"name":"wp","href":"https:\/\/api.w.org\/{rel}","templated":true}]}}