{"id":727,"date":"2022-12-13T17:39:00","date_gmt":"2022-12-13T16:39:00","guid":{"rendered":"http:\/\/www.saintriquierautrement.fr\/?p=727"},"modified":"2026-01-21T17:54:41","modified_gmt":"2026-01-21T16:54:41","slug":"histoire-deau-a-quand-les-solutions-2","status":"publish","type":"post","link":"https:\/\/www.saintriquierautrement.fr\/index.php\/2022\/12\/13\/histoire-deau-a-quand-les-solutions-2\/","title":{"rendered":"Histoire d\u2018eau \u2026 \u00e0 quand les solutions ?"},"content":{"rendered":"\n<p>Une nouvelle fois des pluies importantes sont tomb\u00e9es sur Saint-Riquier dans la nuit de jeudi 9 au vendredi 10 d\u00e9cembre 2021.<\/p>\n\n\n\n<p>Une nouvelle fois, deux des trois lieux r\u00e9guli\u00e8rement victimes d\u2019inondations pluviales ont n\u00e9cessit\u00e9 d\u2019\u00e9vacuer m\u00e9caniquement les b\u00e2ches d\u2019eau form\u00e9es sur la chauss\u00e9e.<\/p>\n\n\n\n<p>Ces accumulations d\u2019eau ne perturbent pas que la voirie. R\u00e9guli\u00e8rement l\u2019ancien caf\u00e9 de la route d\u2019Abbeville est inond\u00e9. Ce qui oblige ses occupants \u00e0 \u00ab&nbsp;\u00e9coper &nbsp;\u00bb l\u2019eau inondant l\u2019habitation. Une remise \u00e0 sec qu\u2019ils effectuent seuls ou avec l\u2019aide des sapeurs-pompiers volontaires du centre de 1<sup>er<\/sup> secours.<\/p>\n\n\n<div class=\"wp-block-image\">\n<figure class=\"aligncenter size-full\"><img loading=\"lazy\" decoding=\"async\" width=\"584\" height=\"230\" src=\"http:\/\/www.saintriquierautrement.fr\/wp-content\/uploads\/2021\/12\/IMA_584-230-72-inondations-RD925-rueHamel-06-avec-niveaux.jpg\" alt=\"\" class=\"wp-image-732\" srcset=\"https:\/\/www.saintriquierautrement.fr\/wp-content\/uploads\/2021\/12\/IMA_584-230-72-inondations-RD925-rueHamel-06-avec-niveaux.jpg 584w, https:\/\/www.saintriquierautrement.fr\/wp-content\/uploads\/2021\/12\/IMA_584-230-72-inondations-RD925-rueHamel-06-avec-niveaux-300x118.jpg 300w\" sizes=\"auto, (max-width: 584px) 100vw, 584px\" \/><\/figure>\n<\/div>\n\n\n<p><strong>Des constats effectu\u00e9s de longue date&nbsp;!<\/strong><\/p>\n\n\n\n<p>A chaque pluie importante, le m\u00eame sc\u00e9nario se r\u00e9p\u00e8te (depuis plusieurs d\u00e9cennies en ce qui concerne l\u2019intersection route d\u2019Abbeville \/ rue du Hamel o\u00f9 \u00e0 la fin des ann\u00e9es 1970 la DDE de l\u2019\u00e9poque avait relev\u00e9 le niveau de la route d\u00e9partementale plus haut que la maison voisine&nbsp;!)<\/p>\n\n\n<div class=\"wp-block-image\">\n<figure class=\"aligncenter size-full is-resized\"><img loading=\"lazy\" decoding=\"async\" width=\"454\" height=\"179\" src=\"http:\/\/www.saintriquierautrement.fr\/wp-content\/uploads\/2021\/12\/IMA_584-230-72-Inondation-plan-striquier-dec2021.jpg\" alt=\"\" class=\"wp-image-733\" style=\"width:454px;height:179px\" srcset=\"https:\/\/www.saintriquierautrement.fr\/wp-content\/uploads\/2021\/12\/IMA_584-230-72-Inondation-plan-striquier-dec2021.jpg 454w, https:\/\/www.saintriquierautrement.fr\/wp-content\/uploads\/2021\/12\/IMA_584-230-72-Inondation-plan-striquier-dec2021-300x118.jpg 300w\" sizes=\"auto, (max-width: 454px) 100vw, 454px\" \/><\/figure>\n<\/div>\n\n\n<p><strong>Les faits sont l\u00e0, reste \u00e0 agir&nbsp; \u2026<\/strong><\/p>\n\n\n\n<p>\u00ab&nbsp;Saint-Riquier Autrement&nbsp;\u00bb en appel au sens des responsabilit\u00e9s de chacun.<\/p>\n\n\n\n<p>La r\u00e9solution de ces d\u00e9g\u00e2ts r\u00e9currents rel\u00e8ve de la responsabilit\u00e9 collective&nbsp;du Conseil Municipal, du Conseil d\u00e9partemental et des propri\u00e9taires des terrains versants par lesquels s\u2019\u00e9coulent les eaux pluviales&nbsp;.<\/p>\n\n\n\n<p>Nous constatons, entre-autres sources \u00e0 ces d\u00e9sordre&nbsp;:<\/p>\n\n\n\n<ul class=\"wp-block-list\">\n<li>des structures d\u2019\u00e9coulement des eaux pluviales sous-dimensionn\u00e9es<\/li>\n\n\n\n<li>ne prenant pas en consid\u00e9ration les gros volumes de boues issues de l\u2019\u00e9rosion des sols en plaine.<\/li>\n<\/ul>\n\n\n\n<p><strong>Les propositions de \u00ab&nbsp;Saint-Riquier Autrement&nbsp;\u00bb&nbsp;<\/strong><\/p>\n\n\n\n<p>De fa\u00e7on g\u00e9n\u00e9rale, nous demandons d\u2019organiser le terrain et les \u00e9quipements pour canaliser ces \u00e9coulements pluviaux et, ainsi, faire cesser les d\u00e9sordres.<\/p>\n\n\n\n<ul class=\"wp-block-list\">\n<li>Restaurer du couvert v\u00e9g\u00e9tal et des haies en coh\u00e9rences avec les contraintes d\u2019exploitation agricole. Nul ne peut croire que cela est inconciliable.<\/li>\n\n\n\n<li>Saisir l\u2019occasion des travaux et am\u00e9nagements pr\u00e9vus dans les prochains mois sur la route d\u00e9partementale 925, parties comprise entre intersection \u00ab\u00a0rue du Hamel\u00a0\u00bb et \u00ab\u00a0Traverse du Ponthieu\u00a0\u00bb. En effet, ce segment concentre deux des trois points noirs rep\u00e9r\u00e9s sur la photo a\u00e9rienne ci-dessus.<\/li>\n\n\n\n<li>Traiter \u00e9galement l\u2019entr\u00e9e de Saint Riquier venant d\u2019Ailly-Le-Haut-Clocher. Cette intersection, constitu\u00e9e par la route d\u00e9partementale 32 et le \u00ab\u00a0chemin Blanc\u00a0\u00bb, fait syst\u00e9matiquement l\u2019objet d\u2019une submersion \u00e0 chaque chute importante de pluies.<\/li>\n<\/ul>\n\n\n\n<p><strong>Le \u00ab&nbsp;<em>ce n\u2019est pas moi, c\u2019est l\u2019autre<\/em>&nbsp;\u00bb n\u2019est pas un choix responsable<\/strong><\/p>\n\n\n\n<p>Comme souvent d\u00e8s lors que plusieurs acteurs doivent intervenir pour solutionner&nbsp; un probl\u00e8me, la tentation de \u00ab&nbsp;la patate chaude&nbsp;\u00bb ressurgi.<\/p>\n\n\n\n<p>Chacun peut se dire qu\u2019il n\u2019est pas responsable de tout, cela ne justifie pas l\u2019inaction pour autant. \u00ab&nbsp;Saint-Riquier Autrement&nbsp;\u00bb invite la commune, le d\u00e9partement et les propri\u00e9taires des terrains concern\u00e9s, \u00e0 se concerter et \u00e0 s\u2019organiser -enfin- &nbsp;pour mettre un terme \u00e0 cette situation devenue inacceptable \u00e0 force de perdurer.<\/p>\n\n\n\n<p><\/p>\n","protected":false},"excerpt":{"rendered":"<p>Une nouvelle fois des pluies importantes sont tomb\u00e9es sur Saint-Riquier dans la nuit de jeudi 9 au vendredi 10 d\u00e9cembre<\/p>\n","protected":false},"author":4,"featured_media":739,"comment_status":"open","ping_status":"open","sticky":false,"template":"","format":"standard","meta":{"footnotes":""},"categories":[3,11],"tags":[],"class_list":["post-727","post","type-post","status-publish","format-standard","has-post-thumbnail","hentry","category-accueil","category-linfo_centuloise"],"_links":{"self":[{"href":"https:\/\/www.saintriquierautrement.fr\/index.php\/wp-json\/wp\/v2\/posts\/727","targetHints":{"allow":["GET"]}}],"collection":[{"href":"https:\/\/www.saintriquierautrement.fr\/index.php\/wp-json\/wp\/v2\/posts"}],"about":[{"href":"https:\/\/www.saintriquierautrement.fr\/index.php\/wp-json\/wp\/v2\/types\/post"}],"author":[{"embeddable":true,"href":"https:\/\/www.saintriquierautrement.fr\/index.php\/wp-json\/wp\/v2\/users\/4"}],"replies":[{"embeddable":true,"href":"https:\/\/www.saintriquierautrement.fr\/index.php\/wp-json\/wp\/v2\/comments?post=727"}],"version-history":[{"count":1,"href":"https:\/\/www.saintriquierautrement.fr\/index.php\/wp-json\/wp\/v2\/posts\/727\/revisions"}],"predecessor-version":[{"id":1059,"href":"https:\/\/www.saintriquierautrement.fr\/index.php\/wp-json\/wp\/v2\/posts\/727\/revisions\/1059"}],"wp:featuredmedia":[{"embeddable":true,"href":"https:\/\/www.saintriquierautrement.fr\/index.php\/wp-json\/wp\/v2\/media\/739"}],"wp:attachment":[{"href":"https:\/\/www.saintriquierautrement.fr\/index.php\/wp-json\/wp\/v2\/media?parent=727"}],"wp:term":[{"taxonomy":"category","embeddable":true,"href":"https:\/\/www.saintriquierautrement.fr\/index.php\/wp-json\/wp\/v2\/categories?post=727"},{"taxonomy":"post_tag","embeddable":true,"href":"https:\/\/www.saintriquierautrement.fr\/index.php\/wp-json\/wp\/v2\/tags?post=727"}],"curies":[{"name":"wp","href":"https:\/\/api.w.org\/{rel}","templated":true}]}}