{"id":954,"date":"2024-06-11T22:49:17","date_gmt":"2024-06-11T20:49:17","guid":{"rendered":"http:\/\/www.saintriquierautrement.fr\/?p=954"},"modified":"2026-01-27T17:39:11","modified_gmt":"2026-01-27T16:39:11","slug":"conseil-decole-du-7-juin-2024-ce-qui-sy-est-dit","status":"publish","type":"post","link":"https:\/\/www.saintriquierautrement.fr\/index.php\/2024\/06\/11\/conseil-decole-du-7-juin-2024-ce-qui-sy-est-dit\/","title":{"rendered":"Conseil d&#8217;\u00e9cole du 7 juin 2024 &#8230; ce qui s&#8217;y est dit"},"content":{"rendered":"\n<p><\/p>\n\n\n\n<p><strong>Le compte-rendu des \u00e9lus de \u00ab\u00a0Saint-Riquier Autrement\u00a0\u00bb du<\/strong> c<strong>onseil d\u2019\u00e9cole<\/strong><\/p>\n\n\n\n<p><strong><u>Pr\u00e9sents<\/u><\/strong><strong>&nbsp;:<\/strong><\/p>\n\n\n\n<p><strong>Education Nationale\u00a0: <\/strong>BRUNET Nathalie (PS); BRUNET Isabelle (PS); WATHY Caroline (MS \/ GS); FACHE DOVERGNE Ludmila (GS \/ CP); MONPIN Fr\u00e9d\u00e9rique (CP); TROUPIN St\u00e9phanie (CP\u00a0\/CE1); MENIGAULT Gilles\u00a0(CE2); GARDIN BACHELET Metsy\u00a0(CE2 \/ CM1); LAMBERT Arnaud\u00a0(CM2)<\/p>\n\n\n\n<ul class=\"wp-block-list\">\n<li>Etaient absentes : SAUVAGE Soisic (CE1); FARCY Doroth\u00e9e\u00a0(CM1 \/ CM2); LAUREL Suzon\u00a0(CM2)<\/li>\n<\/ul>\n\n\n\n<p><strong>Elus\u00a0: <\/strong>DEGARDIN Catherine, Communaut\u00e9 de communes Ponthieu Marquenterre (CCPM); <\/p>\n\n\n\n<ul class=\"wp-block-list\">\n<li>Etait absente : Madame RAGOT Education Nationale (fait le lien entre l\u2019\u00e9cole et la CCPM)<\/li>\n<\/ul>\n\n\n\n<p><strong>Maires ou leurs repr\u00e9sentants\u00a0:<\/strong> Mairie de Saint-Riquier (Val\u00e9rie LECOMTE \u2013 SRA); Mairie de Coulonvillers (Dani\u00e8le HOUDANT); Mairie d\u2019Oneux (BUTEUX Bernard); Mairie de Millencourt en Ponthieu (Mme HOUDANT); Mairie de Bussus-Bussuel (Mme DUFOUR); Mairie de Cramont (Bernard SALOPPE)<\/p>\n\n\n\n<ul class=\"wp-block-list\">\n<li>Etaient absents : <strong>Mairie d\u2019Agenvillers<\/strong>; Mairie de Neuilly l\u2019H\u00f4pital<\/li>\n<\/ul>\n\n\n\n<p><strong>Responsable du p\u00e9riscolaire\u00a0: <\/strong>MAUPIN Anne<\/p>\n\n\n\n<p><strong>Parents\u00a0:<\/strong> PETIT Laurie, DUVAUCHELLE M\u00e9lanie, CARBONNIER Fabien.<\/p>\n\n\n\n<p><strong><u>Absents excus\u00e9s<\/u><\/strong>\u00a0: Monsieur l\u2019inspecteur d\u2019acad\u00e9mie<\/p>\n\n\n\n<h2 class=\"wp-block-heading has-text-align-center has-highlight-background-color has-background\">Ordre du jour\u00a0<\/h2>\n\n\n\n<h2 class=\"wp-block-heading has-background\" style=\"background-color:#93def2\"><strong>Approbation du dernier conseil d\u2019\u00e9cole\u00a0<\/strong><\/h2>\n\n\n\n<ol class=\"wp-block-list\"><\/ol>\n\n\n\n<p>Adopt\u00e9 \u00e0 l\u2019unanimit\u00e9<\/p>\n\n\n\n<h2 class=\"wp-block-heading has-background\" style=\"background-color:#93def2\"><strong>Les effectifs par \u00e2ge pour l\u2019\u00e9cole<\/strong><\/h2>\n\n\n\n<p>Sont projet\u00e9s les tableaux avec la r\u00e9partition pour l\u2019ann\u00e9e scolaire 2024-2025\u00a0:<\/p>\n\n\n\n<figure class=\"wp-block-image size-large\"><img loading=\"lazy\" decoding=\"async\" width=\"1024\" height=\"453\" src=\"http:\/\/www.saintriquierautrement.fr\/wp-content\/uploads\/2024\/06\/CREcol1-1024x453.png\" alt=\"\" class=\"wp-image-955\" srcset=\"https:\/\/www.saintriquierautrement.fr\/wp-content\/uploads\/2024\/06\/CREcol1-1024x453.png 1024w, https:\/\/www.saintriquierautrement.fr\/wp-content\/uploads\/2024\/06\/CREcol1-300x133.png 300w, https:\/\/www.saintriquierautrement.fr\/wp-content\/uploads\/2024\/06\/CREcol1-768x340.png 768w, https:\/\/www.saintriquierautrement.fr\/wp-content\/uploads\/2024\/06\/CREcol1.png 1191w\" sizes=\"auto, (max-width: 1024px) 100vw, 1024px\" \/><\/figure>\n\n\n\n<p>Il y a une moyenne de 21 \u00e9l\u00e8ves par classe.<\/p>\n\n\n\n<p>Monsieur LAMBERT annonce, par commune, le nombre de nouveaux \u00e9l\u00e8ves pour la prochaine rentr\u00e9e scolaire.<\/p>\n\n\n\n<p>Pour les \u00e9l\u00e8ves entrant en Toute Petite Section (TPS), une visite d\u2019accueil est pr\u00e9vue le samedi 15 juin 2024. En revanche, le nombre d\u2019ATSEM restera le m\u00eame. Pas de moyens suppl\u00e9mentaires. Un r\u00e9ajustement pourrait avoir lieu \u00e0 la rentr\u00e9e.<\/p>\n\n\n\n<p>Les listes des classes seront affich\u00e9es avant la fin de l\u2019ann\u00e9e scolaire.<\/p>\n\n\n\n<p>Monsieur LAMBERT indique que les commissions de d\u00e9rogations doivent avoir lieu jusqu\u2019au 11 juin prochain. Madame DEGARDIN indique que des d\u00e9rogations peuvent arriver dans le courant des vacances scolaires.<\/p>\n\n\n\n<p>Monsieur LAMBERT demande si la somme attribu\u00e9e par \u00e9l\u00e8ve et par an a \u00e9volu\u00e9 =&gt; non.<\/p>\n\n\n\n<p>Sont attribu\u00e9es&nbsp;: 50\u20ac \/ enfant \/ an<\/p>\n\n\n\n<p>Madame LORELLE occupera pour un demi-poste la d\u00e9charge de Monsieur LAMBERT et un autre demi-poste sur la d\u00e9charge de Madame FARCY.<\/p>\n\n\n\n<h2 class=\"wp-block-heading has-background\" style=\"background-color:#93def2\"><strong>Bilan des actions men\u00e9es cette ann\u00e9e<\/strong><\/h2>\n\n\n\n<ol class=\"wp-block-list\"><\/ol>\n\n\n\n<ul class=\"wp-block-list\">\n<li>Voyage en Allemagne\u00a0du 27\/04 au 03\/05\u00a0: dans le cadre du jumelage avec Friedrichstal. Tr\u00e8s bon accueil du c\u00f4t\u00e9 allemand.<\/li>\n\n\n\n<li>Cycle 3\u00a0: participation \u00e0 des olympiades au coll\u00e8ge (football, rugby, ultimate, basketball).<\/li>\n\n\n\n<li>Cr\u00e9ation d\u2019une for\u00eat en art visuel par les CP \/ CE1 => le mardi 2 juillet, installation c\u00f4t\u00e9 maternelles (potager).<\/li>\n\n\n\n<li>Projets musicaux (M. MENIGAUT et Mme SAUVAGE)\u00a0: d\u00e9couverte des instruments et possibilit\u00e9 de pratiquer dans le cadre de la tablette culturelle.<\/li>\n\n\n\n<li>Maternelles\u00a0: compagnie Amus\u00e9on\u00a0:\u00a0 pr\u00e9sentation d\u2019instruments\u00a0: contrebasse, fl\u00fbte, guitare, danses\u2026<\/li>\n\n\n\n<li>Projets autour du cin\u00e9ma\u00a0:\u00a0 sorties \u00e0 Cr\u00e9cy. Th\u00e8me sur la Gr\u00e8ce antique.<\/li>\n\n\n\n<li>Chor\u00e9graphies avec des personnes en situation de handicap. Th\u00e8me sur la transformation. Restitution le 29 juin.<\/li>\n\n\n\n<li>Comme la commune de Saint-Riquier a le label d\u2019art et d\u2019histoire, l\u2019\u00e9cole est sollicit\u00e9e pour un travail autour de la photo (avec le p\u00e9riscolaire)<\/li>\n\n\n\n<li>Projet astronomie (cycle 2 et 3).<\/li>\n\n\n\n<li>Projet permis internet avec la gendarmerie (CM1 \u2013 CM2).<\/li>\n\n\n\n<li>Projet natation\u00a0: la classe de CE2 en a b\u00e9n\u00e9fici\u00e9 cette ann\u00e9e.<\/li>\n\n\n\n<li>Journ\u00e9e du patrimoine\u00a0: atelier jardins et gargouilles<\/li>\n\n\n\n<li>Projet Jules Verne<\/li>\n\n\n\n<li>Mus\u00e9es<\/li>\n\n\n\n<li>Activit\u00e9s Physiques Quotidiennes\u00a0<\/li>\n\n\n\n<li>Le Centre culturel a invit\u00e9 l\u2019\u00e9cole pour participer \u00e0 des activit\u00e9s. Derni\u00e8rement avec des \u00e9l\u00e8ves de Flixecourt. D\u2019une mani\u00e8re g\u00e9n\u00e9rale, l\u2019\u00e9cole participe souvent aux activit\u00e9s propos\u00e9es par l\u2019Abbaye.<\/li>\n<\/ul>\n\n\n\n<h4 class=\"wp-block-heading has-background\" style=\"background-color:#55f19c\"><strong>Exercices de s\u00e9curit\u00e9\u00a0; s\u00e9curit\u00e9 \u00e0 l\u2019\u00e9cole<\/strong><\/h4>\n\n\n\n<p>PPMS&nbsp;: tout se passe bien.<\/p>\n\n\n\n<p>Les derniers exercices&nbsp;:&nbsp; incendie a eu lieu le 12 f\u00e9vrier et le PPMS le 13 mars.<\/p>\n\n\n\n<p>L\u2019exercice intrusion\u00a0: r\u00e9flexion avec le cycle 3 pour trouver des moyens de s\u2019\u00e9chapper => lien avec un adjudant de gendarmerie. Concernant la commission de s\u00e9curit\u00e9 => RAS.<\/p>\n\n\n\n<h4 class=\"wp-block-heading has-background\" style=\"background-color:#55f19c\"><strong>Travaux, am\u00e9nagements, demandes aupr\u00e8s de la CCPM\u00a0<\/strong><\/h4>\n\n\n\n<ul class=\"wp-block-list\">\n<li>L\u2019\u00e9cole remercie la commune de Saint-Riquier pour l\u2019entretien effectu\u00e9 par les agents techniques. Concernant les espaces verts, il y a des orties qu\u2019il faudrait enlever en vue de la kermesse. <strong>Madame LECOMTE (SRA)<\/strong> indique qu\u2019elle adressera un message \u00e0 Monsieur le maire de Saint-Riquier afin que les agents puissent intervenir.<\/li>\n\n\n\n<li>Monsieur LAMBERT indique la r\u00e9activit\u00e9 des agents de la CCPM.<\/li>\n\n\n\n<li>La pose du chalet, r\u00e9clam\u00e9 depuis plusieurs ann\u00e9es pour y entreposer du mat\u00e9riel, devrait intervenir en fin d\u2019ann\u00e9e 2024.<\/li>\n\n\n\n<li>Des dalles se soul\u00e8vent dans les couloirs et dans les classes. Madame DEGARDIN indique que des travaux \u00e0 cet effet sont pr\u00e9vus.<\/li>\n\n\n\n<li>Mise en s\u00e9curit\u00e9 du b\u00e2timent\u00a0: probl\u00e8me li\u00e9 \u00e0 l\u2019ouverture pour la porte c\u00f4t\u00e9 jardin.<\/li>\n\n\n\n<li>Probl\u00e8me de goutti\u00e8re c\u00f4t\u00e9 maternelles.<\/li>\n\n\n\n<li>Des trous ont \u00e9t\u00e9 effectu\u00e9s aux fins d\u2019installer des ouvertures des portes \u00e0 distance. Qu\u2019en est-il de la suite des travaux\u00a0? => l\u2019\u00e9cole devrait \u00eatre \u00e9quip\u00e9e d\u2019ici la fin de l\u2019\u00e9t\u00e9.<\/li>\n\n\n\n<li>L\u2019\u00e9cole \u00e9tant recouverte de bois, quid de la r\u00e9novation\u00a0? des morceaux se d\u00e9tachent et des clous restent dans la structure => dangerosit\u00e9\u00a0pour les enfants.<\/li>\n\n\n\n<li>Grillage cass\u00e9 qui laisse appara\u00eetre des fils de fer dangereux pour les enfants<\/li>\n\n\n\n<li>Service d\u2019accueil du mercredi\u00a0=> pas envisag\u00e9 par la CCPM car probl\u00e8me de recrutement d\u2019animateur et il y a assez d\u2019assistantes maternelles. Madame LECOMTE (SRA) indique que cette r\u00e9ponse n\u2019est pas entendable pour les parents. Elle demande si la CCPM a lanc\u00e9 un sondage => non. Monsieur CARBONNIER indique que ce sondage devrait \u00eatre r\u00e9alis\u00e9.<\/li>\n\n\n\n<li>Monsieur LAMBERT indique que dans les diverses pratiques des sports, a eu lieu une initiation au rugby (<em>NDLR\u00a0: dans le cadre de la coupe du monde de rugby en 2023<\/em>). <strong>Madame LECOMTE (SRA)<\/strong>, suite \u00e0 un entretien pr\u00e9alable avec Monsieur LAMBERT, a demand\u00e9 en conseil municipal de Saint-Riquier du lundi 3 juin dernier, si la commune serait d\u2019accord pour que l\u2019\u00e9cole occupe le terrain de sport sur le temps scolaire, en lien avec l\u2019\u00e9cole de Rugby d\u2019Abbeville (EDR). Pour cette activit\u00e9, l\u2019EDR vient avec une structure gonflable n\u00e9cessitant une prise \u00e9lectrique au vue de l\u2019installation. Monsieur MONIN a donn\u00e9 son accord de principe demandant toutefois \u00e0 ce que l\u2019\u00e9cole en fasse la demande par \u00e9crit.\u00a0<\/li>\n\n\n\n<li>Monsieur CARBONNIER demande si une solution pouvait \u00eatre trouv\u00e9e pour le probl\u00e8me r\u00e9current du chauffage. Serait-il possible d\u2019allumer les chauffages avant la date pr\u00e9vue par la CCPM si les temp\u00e9ratures devaient d\u00e9gringoler comme l\u2019an pass\u00e9.<\/li>\n<\/ul>\n\n\n\n<h4 class=\"wp-block-heading has-background\" style=\"background-color:#55f19c\"><strong>Les sorties scolaires <\/strong><\/h4>\n\n\n\n<ul class=\"wp-block-list\">\n<li>GS\u00a0: Amiens => patinoire et mus\u00e9e de Picardie + Ch\u00e2teau d\u2019Eaucourt + moulin<\/li>\n\n\n\n<li>GS (Mme WATHY) => escargoti\u00e8re \u00e0 Drucat.<\/li>\n\n\n\n<li>Cycle 2 (Mme TROUPIN et Mme SAUVAGE)) => parc de la Bouvaque + mus\u00e9e + parc du Marquenterre.<\/li>\n\n\n\n<li>M. MENIGAUT => accrobranche, hortillonnages \u00e0 Amiens + th\u00e9\u00e2tre Ch\u00e9 Cabotans<\/li>\n\n\n\n<li>CM2 => le 4-07 d\u00e9placement pour suivre la flamme olympique (que le matin)<\/li>\n\n\n\n<li>Sur l\u2019ann\u00e9e 2024-2025 => quid r\u00e8gle financement de projet\u00a0? Toujours 40 \u20ac \/ enfant \/ jour sur une semaine\u00a0? CCPM => oui. Les 12 et 13 d\u00e9cembre projet d\u2019aller sur le march\u00e9 de No\u00ebl avec h\u00e9bergement \u00e0 Aix La Chapelle pour les CM1 et CM2.<\/li>\n<\/ul>\n\n\n\n<h4 class=\"wp-block-heading has-background\" style=\"background-color:#55f19c\"><strong>Les festivit\u00e9s programm\u00e9es <\/strong><\/h4>\n\n\n\n<p>La kermesse aura lieu le samedi 22 juin prochain. Ouverture des portes \u00e0 partir de 9h30 avec contr\u00f4le visuel des sacs dans le cadre du plan VIGIPIRATE.<\/p>\n\n\n\n<p>Le spectacle se d\u00e9roulera de 10h00 \u00e0 12h30. S\u2019ensuivra le repas puis les jeux <strong>GRATUITS<\/strong> pour les enfants \u00e0 partir de 13h30 jusque 15h30.<\/p>\n\n\n\n<p>Des anciens \u00e9l\u00e8ves de CM2 vont venir pr\u00eater main forte lors de cette kermesse.<\/p>\n\n\n\n<p>Se tiendront des stands de barbe \u00e0 papa et de pop-corn. <\/p>\n\n\n\n<h4 class=\"wp-block-heading has-background\" style=\"background-color:#55f19c\"><strong>Coop\u00e9rative scolaire\u00a0<\/strong><\/h4>\n\n\n\n<p>Elle s\u2019\u00e9l\u00e8ve aujourd\u2019hui \u00e0 23\u00a0567 \u20ac\u00a0moins les sorties \u00e0 r\u00e9gler, restera <strong>18\u00a0197 \u20ac<\/strong><\/p>\n\n\n\n<p><\/p>\n\n\n\n<h2 class=\"wp-block-heading has-background\" style=\"background-color:#93def2\"><strong>Questions diverses\u00a0:<\/strong><\/h2>\n\n\n\n<ul class=\"wp-block-list\">\n<li>Monsieur LAMBERT indique qu\u2019il y aura de nouveau un \u00ab\u00a0traiteur party\u00a0\u00bb en fin d\u2019ann\u00e9e (pa\u00eblla, poulet basquaise, couscous).<\/li>\n\n\n\n<li>Madame DEGARDIN remercie les parents qui ont accompagn\u00e9 les enfants lors du voyage en Allemagne.\u00a0 Les professeurs remercient quant \u00e0 eux les parents qui les accompagnent tout au long de l\u2019ann\u00e9e lors des sorties scolaires.<\/li>\n\n\n\n<li>Madame MAUPIN indique que le p\u00e9riscolaire a construit une caisse \u00e0 savon et qu\u2019elle participera \u00e0 la course de caisse \u00e0 savon de Bussus-Bussuel le dimanche 9 juin organis\u00e9e par l\u2019association les Zhironloins (<em>NDLR\u00a0: dont fait partie Monsieur LAMBERT<\/em>). La caisse \u00e0 savon s\u2019appelle Jacqueline la licorne. Au regard de la date de parution, Jacqueline la licorne est arriv\u00e9e \u00e0 la 7<sup>\u00e8me<\/sup> place sur 14 participants.<\/li>\n\n\n\n<li>Monsieur LAMBERT indique que l\u2019association les Zhironloins organisera les 22 et 23 ao\u00fbt 2025 un spectacle et que d\u2019anciens \u00e9l\u00e8ves en feront partie pour chanter et danser.<\/li>\n\n\n\n<li><strong>Madame LECOMTE (SRA<\/strong>) demande si les probl\u00e8mes rencontr\u00e9s avec l\u2019ENT vont \u00eatre r\u00e9solus. Monsieur LAMBERT indique ne pas savoir.<\/li>\n<\/ul>\n\n\n\n<p>Cl\u00f4ture de s\u00e9ance \u00e0 19 h 25.<\/p>\n\n\n\n<p>Etablit par votre \u00e9lue de la liste \u00ab&nbsp;Saint-Riquier Autrement&nbsp;\u00bb&nbsp;:<\/p>\n\n\n\n<ul class=\"wp-block-list\">\n<li>Val\u00e9rie LECOMTE si\u00e9geant au Conseil d\u2019\u00e9cole<\/li>\n\n\n\n<li>Publi\u00e9 le 11 juin 2024<\/li>\n<\/ul>\n","protected":false},"excerpt":{"rendered":"<p>Le compte-rendu des \u00e9lus de \u00ab\u00a0Saint-Riquier Autrement\u00a0\u00bb du conseil d\u2019\u00e9cole Pr\u00e9sents&nbsp;: Education Nationale\u00a0: BRUNET Nathalie (PS); BRUNET Isabelle (PS); WATHY<\/p>\n","protected":false},"author":4,"featured_media":878,"comment_status":"open","ping_status":"open","sticky":false,"template":"","format":"standard","meta":{"footnotes":""},"categories":[3,23],"tags":[],"class_list":["post-954","post","type-post","status-publish","format-standard","has-post-thumbnail","hentry","category-accueil","category-conseildecole"],"_links":{"self":[{"href":"https:\/\/www.saintriquierautrement.fr\/index.php\/wp-json\/wp\/v2\/posts\/954","targetHints":{"allow":["GET"]}}],"collection":[{"href":"https:\/\/www.saintriquierautrement.fr\/index.php\/wp-json\/wp\/v2\/posts"}],"about":[{"href":"https:\/\/www.saintriquierautrement.fr\/index.php\/wp-json\/wp\/v2\/types\/post"}],"author":[{"embeddable":true,"href":"https:\/\/www.saintriquierautrement.fr\/index.php\/wp-json\/wp\/v2\/users\/4"}],"replies":[{"embeddable":true,"href":"https:\/\/www.saintriquierautrement.fr\/index.php\/wp-json\/wp\/v2\/comments?post=954"}],"version-history":[{"count":2,"href":"https:\/\/www.saintriquierautrement.fr\/index.php\/wp-json\/wp\/v2\/posts\/954\/revisions"}],"predecessor-version":[{"id":958,"href":"https:\/\/www.saintriquierautrement.fr\/index.php\/wp-json\/wp\/v2\/posts\/954\/revisions\/958"}],"wp:featuredmedia":[{"embeddable":true,"href":"https:\/\/www.saintriquierautrement.fr\/index.php\/wp-json\/wp\/v2\/media\/878"}],"wp:attachment":[{"href":"https:\/\/www.saintriquierautrement.fr\/index.php\/wp-json\/wp\/v2\/media?parent=954"}],"wp:term":[{"taxonomy":"category","embeddable":true,"href":"https:\/\/www.saintriquierautrement.fr\/index.php\/wp-json\/wp\/v2\/categories?post=954"},{"taxonomy":"post_tag","embeddable":true,"href":"https:\/\/www.saintriquierautrement.fr\/index.php\/wp-json\/wp\/v2\/tags?post=954"}],"curies":[{"name":"wp","href":"https:\/\/api.w.org\/{rel}","templated":true}]}}