{"id":959,"date":"2024-06-12T17:06:42","date_gmt":"2024-06-12T15:06:42","guid":{"rendered":"http:\/\/www.saintriquierautrement.fr\/?p=959"},"modified":"2026-01-21T17:50:28","modified_gmt":"2026-01-21T16:50:28","slug":"compte-rendu-des-elus-de-saint-riquier-autrement-du-conseil-municipal-du-3-juin-2024","status":"publish","type":"post","link":"https:\/\/www.saintriquierautrement.fr\/index.php\/2024\/06\/12\/compte-rendu-des-elus-de-saint-riquier-autrement-du-conseil-municipal-du-3-juin-2024\/","title":{"rendered":"Compte-rendu des \u00e9lus de \u00ab\u00a0Saint-Riquier Autrement\u00a0\u00bb du Conseil Municipal du 3 juin 2024"},"content":{"rendered":"\n<p class=\"has-text-color has-background has-link-color has-medium-font-size wp-elements-fb72f1d7abbbe8130d9328b821024de5\" style=\"color:#0c0d6a;background-color:#f4c5a8\"><em>Principal sujet de ce conseil : la r\u00e9fection de la d\u00e9partementale 925 entre l&#8217;entr\u00e9e c\u00f4t\u00e9 Abbeville et la place. Des pr\u00e9cisions ont \u00e9t\u00e9 apport\u00e9es en cours de s\u00e9ance. Il faudra cependant en dire bien plus pour que les Centulois soient inform\u00e9s ! Les interventions des deux \u00e9lus de Saint-Riquier Autrement invitent \u00e0 aller dans ce sens.<\/em><\/p>\n\n\n\n<p><\/p>\n\n\n\n<p><strong>Pr\u00e9sents&nbsp;:<\/strong> J.FARCY, V.LECOMTE, D.BALAVOINE, S.DUHEN, P.BUTEUX, C.DAMAGNEZ, L.JOSSE, J.MARTIN, L.NIVELLE, Y.MONIN, M-L.SAVREUX, H.LEVE<\/p>\n\n\n\n<p><strong>Absents excus\u00e9s<\/strong>&nbsp;: L. BALESDENT ayant donn\u00e9 pouvoir \u00e0 J. FARCY, M. CAGNARD, ayant donn\u00e9 pouvoir \u00e0 H. LEVE, A.M BECHET, ayant donn\u00e9 pouvoir \u00e0 Y. MONIN<\/p>\n\n\n\n<p><strong>Secr\u00e9taire de s\u00e9ance&nbsp;:<\/strong> S. DUHEN<\/p>\n\n\n\n<p>Ordre du jour&nbsp;:<\/p>\n\n\n\n<h2 class=\"wp-block-heading has-background\" style=\"background-color:#f6c983\"><strong>Election du secr\u00e9taire de s\u00e9ance<\/strong><\/h2>\n\n\n\n<p>Monsieur le maire propose \u00e0 S. DUHEN d\u2019\u00eatre nomm\u00e9e secr\u00e9taire de s\u00e9ance.<\/p>\n\n\n\n<p>Adopt\u00e9 \u00e0 l\u2019unanimit\u00e9<\/p>\n\n\n\n<h2 class=\"wp-block-heading has-background\" style=\"background-color:#f6c983\"><strong>Approbation du PV de la r\u00e9union pr\u00e9c\u00e9dente\u00a0<\/strong><\/h2>\n\n\n\n<p>Adopt\u00e9 \u00e0 l\u2019unanimit\u00e9<\/p>\n\n\n\n<p>Monsieur le maire demande \u00e0 ajouter le point suivant \u00e0 l\u2019ordre du jour, ce qui lui \u00e9viterait de convoquer de nouveau le conseil pour un point&nbsp;: achat de mat\u00e9riel \u2013 les conseillers d\u00e9partementaux portent leur subvention \u00e0 15% contrairement aux 5% annonc\u00e9s lors d\u2019un conseil pr\u00e9c\u00e9dent. Il faut donc r\u00e9ajuster le budget.<\/p>\n\n\n\n<p>Adopt\u00e9 \u00e0 l\u2019unanimit\u00e9<\/p>\n\n\n\n<h2 class=\"wp-block-heading has-background\" style=\"background-color:#f6c983\"><strong>Changement de d\u00e9nomination de la F\u00e9d\u00e9ration D\u00e9partementale d\u2019Energie (FDE)\u00a0<\/strong><\/h2>\n\n\n\n<p>La FDE s\u2019appelle d\u00e9sormais <em>Territoire d\u2019Energie Somme<\/em>. Les communes doivent d\u00e9lib\u00e9rer sur ce changement de nom.<\/p>\n\n\n\n<p>Adopt\u00e9 \u00e0 l\u2019unanimit\u00e9<\/p>\n\n\n\n<h2 class=\"wp-block-heading has-background\" style=\"background-color:#f6c983\"><strong>Effacement de r\u00e9seaux rue de Drugy \u2013 plan de financement\u00a0<\/strong><\/h2>\n\n\n\n<p>Le maire pr\u00e9sente le co\u00fbt du projet.<\/p>\n\n\n\n<p><strong>Monsieur BALAVOINE (SRA)<\/strong> demande quand d\u00e9buteront les travaux. Monsieur le maire de r\u00e9pondre peut-\u00eatre d\u00e9but septembre 2024.<\/p>\n\n\n\n<p>Adopt\u00e9 \u00e0 l\u2019unanimit\u00e9<\/p>\n\n\n\n<h2 class=\"wp-block-heading has-background\" style=\"background-color:#f6c983\"><strong>Am\u00e9nagement de la d\u00e9partementale 925 : \u00e9clairage public passage pi\u00e9tons et feux de r\u00e9compense \u2013 plan de financement\u00a0<\/strong><\/h2>\n\n\n\n<p>Il est demand\u00e9 \u00e0 ce que soient \u00e9clair\u00e9s les passages pi\u00e9tons.<\/p>\n\n\n\n<p>Concernant la mobilit\u00e9 douce, les zones 30, les peintures, les bordures, tout est parti vendredi au D\u00e9partement.<\/p>\n\n\n\n<p><strong>Madame LECOMTE (SRA)<\/strong> demande s\u2019il est possible d\u2019avoir le plan global d\u2019am\u00e9nagement et quand aurait lieu la r\u00e9union dont il avait parl\u00e9 lors d\u2019un conseil pr\u00e9c\u00e9dent.<\/p>\n\n\n\n<p>Monsieur le maire indique qu\u2019il faut d\u2019abord d\u00e9lib\u00e9rer sur ce qui est \u00e9lectrique. Une pr\u00e9sentation publique sera effectu\u00e9e courant juin, sans plus de pr\u00e9cision. Il ajoute que seront pr\u00e9sent\u00e9es \u00e9galement les aides dont pourraient b\u00e9n\u00e9ficier les commer\u00e7ants en termes de perte d\u2019exploitation, savoir s\u2019il sera possible d\u2019entrer dans la zone des travaux afin d\u2019acc\u00e9der aux commerces.<\/p>\n\n\n\n<p><strong>Madame LECOMTE (SRA)<\/strong> demande si l\u2019information pourrait \u00e9galement \u00eatre mise sur le site de la commune. Monsieur le maire indique que le cabinet EVIA (<em>Ma\u00eetre d\u2019\u0153uvre NDLR<\/em>) doit pr\u00e9parer une vid\u00e9o pour la r\u00e9union publique et que celle-ci pourra effectivement \u00eatre mise en ligne.<\/p>\n\n\n\n<p>Co\u00fbt&nbsp;: Participation communale&nbsp;: 44&nbsp;225 \u20ac<\/p>\n\n\n\n<p>Monsieur le maire indique qu\u2019il y aura deux feux de r\u00e9compense (<em>NDLR&nbsp;: feux toujours au vert, sauf si le v\u00e9hicule roule \u00e0 plus de 50 km \/H, le feu passe au rouge<\/em>)&nbsp;sur la RD925 pour aller vers Abbeville et \u00e9galement deux feux route de Doullens (qui seront install\u00e9s en 2025 lors de la 2\u00e9me phase des travaux). Le positionnement est devant chez Monsieur RIVIERE, en allant vers Abbeville et avant le carrefour d\u2019Intermarch\u00e9.<\/p>\n\n\n\n<p>Le tuyau au niveau d\u2019Intermarch\u00e9 sera chang\u00e9. Il y aura la mise en place de bordures route de Doullens.<\/p>\n\n\n\n<p><strong>Madame LECOMTE (SRA)<\/strong> demande si les travaux ont bien \u00e9t\u00e9 pens\u00e9s au global afin de traiter les probl\u00e8mes rencontr\u00e9s notamment lors des \u00e9pisodes de pluie. Monsieur le maire de r\u00e9pondre qu\u2019il a demand\u00e9 plusieurs fois au propri\u00e9taire du terrain pour y faire un bassin de r\u00e9tention des eaux de pluie. <strong>Madame LECOMTE (SRA)<\/strong> demande si une demande officielle a \u00e9t\u00e9 faite. Monsieur le maire indique l\u2019avoir fait oralement ce dont s\u2019\u00e9tonne Madame LECOMTE. Le maire indique qu\u2019il va faire un courrier en recommand\u00e9 au propri\u00e9taire du terrain.<\/p>\n\n\n\n<p><strong>Madame LECOMTE (SRA)<\/strong> relance le sujet \u00e0 propos de la dangerosit\u00e9 de passer \u00e0 pied par la route qui jouxte la boulangerie de l\u2019Abbatiale. Elle ajoute que derni\u00e8rement avec les \u00e9pisodes pluvieux, celle-ci a vu nombre de pi\u00e9tons chuter et qu\u2019il faut faire quelque chose. Le maire d\u2019indiquer que des travaux \u00e0 cet endroit ont \u00e9t\u00e9 refus\u00e9s. <strong>Madame LECOMTE (SRA)<\/strong> indique qu\u2019il y a pourtant de quoi faire car entre le trottoir inexistant \u00e0 cet endroit et la remont\u00e9e de la rue qui est un vrai coupe-gorge. Elle \u00e9met des propositions comme \u00e9largir le trottoir, r\u00e9duire la route \u00e0 ce niveau et installer un sens altern\u00e9 \u00e0 la circulation. Cela permettait \u00e0 tout pi\u00e9ton d\u2019emprunter cette route avec plus de s\u00e9curit\u00e9. Elle ajoute&nbsp;: \u00ab&nbsp;<em>qu\u2019attend-on&nbsp;? Qu\u2019il y ait des morts pour agir&nbsp;?<\/em>&nbsp;\u00bb<\/p>\n\n\n\n<p>Concernant les zones 30, le maire indique que ceux-ci seront install\u00e9es rue de l\u2019h\u00f4pital au niveau du kin\u00e9, et route de Doullens au niveau de Madame PELTIER.<\/p>\n\n\n\n<p><strong>Madame LECOMTE (SRA)<\/strong> insiste quant \u00e0 la mobilit\u00e9 douce. Monsieur le maire de lui r\u00e9pondre que la mairie attend le retour de la sous-pr\u00e9f\u00e8te.<\/p>\n\n\n\n<p>Adopt\u00e9 \u00e0 l\u2019unanimit\u00e9<\/p>\n\n\n\n<h2 class=\"wp-block-heading has-background\" style=\"background-color:#f6c983\"><strong>Contrat de pr\u00e9voyance des agents \u2013 participation financi\u00e8re de la collectivit\u00e9\u00a0<\/strong><\/h2>\n\n\n\n<p>Monsieur le maire indique qu\u2019il y a obligation de la commune de prendre en charge 50% du co\u00fbt des contrats de pr\u00e9voyance \u00e0 destination des agents.<\/p>\n\n\n\n<p><strong>Madame LECOMTE (SRA<\/strong>) demande si c\u2019est une convention ou une labellisation. Monsieur le maire indique que c\u2019est un changement de contrat \u00e0 compter du 1<sup>er<\/sup> janvier 2025 et que c\u2019est d\u00e9sormais GROUPAMA chez qui la labellisation a \u00e9t\u00e9 contract\u00e9e. <strong>Madame LECOMTE (SRA)<\/strong> indique que l\u2019ordre du jour n\u2019est pas clair \u00e0 ce sujet puisqu\u2019on parle de mise en place et pas de changement de contrat. Madame SAVREUX demande \u00e0 quoi cela sert. Madame BRAILLY (<em>NDLR&nbsp;: la secr\u00e9taire de mairie<\/em>) prend la parole et explique qu\u2019en cas d\u2019arr\u00eat de travail, pour les personnels titulaires, ils passent \u00e0 demi traitement (<em>NDLR&nbsp;: demi salaire<\/em>) mais que le fait d\u2019avoir souscrit \u00e0 une pr\u00e9voyance, celle-ci prenait le relai, en cas d\u2019arr\u00eat de travail prolong\u00e9 de plus de trois mois, pour compenser le demi traitement.<\/p>\n\n\n\n<p>Adopt\u00e9 \u00e0 l\u2019unanimit\u00e9<\/p>\n\n\n\n<h2 class=\"wp-block-heading has-background\" style=\"background-color:#f6c983\"><strong>Secours exceptionnel \u00e0 une famille\u00a0<\/strong><\/h2>\n\n\n\n<p>Monsieur le maire expose la situation d\u2019une famille centuloise dont il pr\u00e9f\u00e8re taire le nom. Il explique que cette famille n\u2019a plus d\u2019\u00e9lectricit\u00e9 depuis plus de quatre mois maintenant, d\u00fb \u00e0 un impay\u00e9. Un plan d\u2019apurement a \u00e9t\u00e9 mis en place par le fournisseur d\u2019\u00e9nergie et la mairie propose de payer la premi\u00e8re mensualit\u00e9.<\/p>\n\n\n\n<p>Adopt\u00e9 \u00e0 l\u2019unanimit\u00e9<\/p>\n\n\n\n<h2 class=\"wp-block-heading has-background\" style=\"background-color:#f6c983\"><strong>D\u00e9cision modificative \u2013 ajustement 040-042 Amortissements\u00a0<\/strong><\/h2>\n\n\n\n<p>Madame BRAILLY expose le pourquoi de la d\u00e9cision modificative&nbsp;: il manque 2&nbsp;040 \u20ac pour \u00e9quilibrer le budget et il manque un amortissement de 2016. Il faut donc prendre 17&nbsp;287,36 \u20ac pour faire un virement en section investissement pris sur le budget carburant.<\/p>\n\n\n\n<p>Il faut donc abonder de 13&nbsp;242,36 \u20ac au 041 du chapitre 042.<\/p>\n\n\n\n<p>Adopt\u00e9 \u00e0 l\u2019unanimit\u00e9<\/p>\n\n\n\n<h2 class=\"wp-block-heading has-background\" style=\"background-color:#f6c983\"><strong>Point non soumis \u00e0 la prise de d\u00e9lib\u00e9ration\u00a0: tenue des \u00e9lections europ\u00e9ennes<\/strong><\/h2>\n\n\n\n<p>Un tour de table est effectu\u00e9 afin de savoir qui vient \u00e0 quelle heure pour tenir le bureau de vote pour les \u00e9lections europ\u00e9ennes qui se d\u00e9roulent dimanche 9 juin. Un tableau r\u00e9capitulatif sera adress\u00e9 aux membres du conseil. Tous les conseillers hormis Madame Laurence BALESDENT seront pr\u00e9sents.<\/p>\n\n\n\n<h2 class=\"wp-block-heading has-light-gray-color has-text-color has-background has-link-color wp-elements-681db2d7d1cb927bc62871e730dcbd47\" style=\"background-color:#974a0b\"><strong>Questions diverses<\/strong><\/h2>\n\n\n\n<h4 class=\"wp-block-heading has-background\" style=\"background-color:#f8e7ba\"><strong>Signalisation au sol<\/strong><\/h4>\n\n\n\n<ul class=\"wp-block-list\">\n<li><strong>Monsieur le maire<\/strong> indique que les bordures ont \u00e9t\u00e9 repeintes devant le Cr\u00e9dit Agricole et que la place pour les personnes \u00e0 mobilit\u00e9 r\u00e9duite sur la Place a \u00e9galement \u00e9t\u00e9 repeinte.<\/li>\n<\/ul>\n\n\n\n<h4 class=\"wp-block-heading has-background\" style=\"background-color:#f8e7ba\"><strong>F\u00eate du village et comm\u00e9moration de la lib\u00e9ration<\/strong><\/h4>\n\n\n\n<ul class=\"wp-block-list\">\n<li><strong>Monsieur le maire <\/strong>indique qu\u2019il souhaiterait que lors de la f\u00eate du village en septembre soit d\u00e9pos\u00e9e une gerbe \u00e0 l\u2019occasion des 80 ans du d\u00e9barquement et des bombardements de 1944.<\/li>\n<\/ul>\n\n\n\n<h4 class=\"wp-block-heading has-background\" style=\"background-color:#f8e7ba\"><strong>Licence IV<\/strong><\/h4>\n\n\n\n<ul class=\"wp-block-list\">\n<li><strong>Monsieur le maire <\/strong>interpelle <strong>Madame LECOMTE (SRA)<\/strong> \u00e0 propos de la LICENCE IV (<em>NDLR\u00a0: <strong>Madame LECOMTE (SRA)<\/strong> relance r\u00e9guli\u00e8rement afin de savoir si l\u2019investissement de 4\u00a0000 \u20ac de la commune ne serait pas perdu<\/em>). Le maire lui indique que la formation a \u00e9t\u00e9 suivie par le responsable des agents techniques, Monsieur Romain CHIVOT car \u00e0 la grande surprise du maire, ni un \u00e9lu ni un repr\u00e9sentant d\u2019une association ne pouvait suivre cette formation. Co\u00fbt de la formation\u00a0: <strong>540\u20ac<\/strong>. Le probl\u00e8me est que pour pouvoir se servir de cette LICENCE IV, il faut un local d\u00e9di\u00e9. Ce que n\u2019a pas la commune. Il ajoute qu\u2019une demande de prolongation d\u2019un an a \u00e9t\u00e9 demand\u00e9 au sous-secr\u00e9taire de la Pr\u00e9fecture pour pouvoir la revendre. <strong>Madame LECOMTE (SRA)<\/strong> ajoute qu\u2019elle a bien fait de relancer r\u00e9guli\u00e8rement la commune \u00e0 ce sujet, car sinon cette LICENCE IV aurait tout bonnement \u00e9t\u00e9 perdue et les 4\u00a0000\u20ac de la commune \u00e9galement. Monsieur le maire indique qu\u2019il a tout de m\u00eame ouvert la LICENCE IV lors de la marche gourmande de dimanche dernier, sans avoir l\u2019aval de la Pr\u00e9fecture.<\/li>\n<\/ul>\n\n\n\n<h4 class=\"wp-block-heading has-background\" style=\"background-color:#f8e7ba\"><strong>Entretien du cimeti\u00e8re des indigents<\/strong><\/h4>\n\n\n\n<ul class=\"wp-block-list\">\n<li><strong>Madame SAVREUX <\/strong>indique que le cimeti\u00e8re des indigents est dans un sale \u00e9tat. Monsieur le maire de r\u00e9pondre que ce n\u2019est pas son probl\u00e8me, qu\u2019il appartient \u00e0 la maison de retraite. Il indique avoir rendez-vous avec le directeur le lendemain.<\/li>\n<\/ul>\n\n\n\n<h4 class=\"wp-block-heading has-background\" style=\"background-color:#f8e7ba\"><strong>Conseil d&#8217;\u00e9cole &#8211; groupe scolaire Becquestoile<\/strong><\/h4>\n\n\n\n<ul class=\"wp-block-list\">\n<li><strong>Madame LECOMTE (SRA) <\/strong>indique que vendredi 7 juin prochain se tiendra le dernier conseil d\u2019\u00e9cole de l\u2019ann\u00e9e scolaire (<em>NDLR\u00a0: <strong>Madame LECOMTE(SRA)<\/strong> est repr\u00e9sentante de la commune au sein du conseil d\u2019\u00e9cole depuis 2020. N\u2019h\u00e9sitez pas \u00e0 la solliciter<\/em>). Elle demande s\u2019il y a bien 14 enfants de la commune qui rejoignent l\u2019\u00e9cole \u00e0 la rentr\u00e9e de septembre. La maire de r\u00e9pondre \u00e0 l\u2019affirmative. Elle indique que suite \u00e0 la coupe du monde de rugby, le Directeur de l\u2019\u00e9cole a fait l\u2019acquisition de ballons de rugby afin d\u2019initier les enfants \u00e0 ce sport. L\u2019\u00e9cole de rugby d\u2019Abbeville (EDR) ainsi que l\u2019\u00e9cole de Saint-Riquier sont en lien afin que puissent se tenir des s\u00e9ances pendant le temps scolaire. L\u2019EDR poss\u00e8de une structure gonflable qui n\u00e9cessiterait un branchement \u00e9lectrique. <strong>Madame LECOMTE (SRA)<\/strong> demande si sur le principe le maire serait d\u2019accord pour qu\u2019un raccordement puisse \u00eatre fait et que la structure puisse \u00eatre install\u00e9e sur le terrain de football. Le maire demande quel type de branchement. <strong>Madame LECOMTE (SRA)<\/strong> indique qu\u2019une simple prise \u00e9lectrique suffit. Le maire donne son accord de principe mais il faudra que le Directeur de l\u2019\u00e9cole prenne son attache.<\/li>\n<\/ul>\n\n\n\n<h4 class=\"wp-block-heading has-background\" style=\"background-color:#f8e7ba\"><strong>Prime aux bacheliers<\/strong><\/h4>\n\n\n\n<ul class=\"wp-block-list\">\n<li><strong>Madame SAVREUX <\/strong>demande si le bonus pour les \u00e9l\u00e8ves obtenant le baccalaur\u00e9at \u00e9tait toujours d\u2019actualit\u00e9. Le maire de r\u00e9pondre \u00e0 l\u2019affirmative, pour les \u00e9l\u00e8ves ayant obtenu le bac et \u00e9tant en poursuite d\u2019\u00e9tudes.<\/li>\n<\/ul>\n\n\n\n<h4 class=\"wp-block-heading has-background\" style=\"background-color:#f8e7ba\"><strong>Consultation des plus de 60 ans par la Com de Com Ponthieu Marquenterre<\/strong><\/h4>\n\n\n\n<ul class=\"wp-block-list\">\n<li><strong>Monsieur le maire <\/strong>demande si les personnes de plus de 60 ans autour de la table ont bien re\u00e7u le questionnaire de la Communaut\u00e9 de communes du Ponthieu Marquenterre. <strong>Madame LECOMTE (SRA) <\/strong>demande de quoi il s\u2019agit. On lui r\u00e9pond que ce sondage a pour but de savoir si elles sont int\u00e9ress\u00e9es par du portage de repas \u00e0 domicile, s\u2019il y a besoin d\u2019une auxiliaire de vie\u2026<\/li>\n<\/ul>\n\n\n\n<p>Cl\u00f4ture de s\u00e9ance \u00e0 17 h 55.<\/p>\n\n\n\n<p>Etablit par vos \u00e9lus de la liste \u00ab&nbsp;Saint-Riquier Autrement&nbsp;\u00bb&nbsp;:<\/p>\n\n\n\n<ul class=\"wp-block-list\">\n<li>Val\u00e9rie LECOMTE et Daniel BALAVOINE<\/li>\n\n\n\n<li>Publi\u00e9 le 12 juin 2024<\/li>\n<\/ul>\n","protected":false},"excerpt":{"rendered":"<p>Principal sujet de ce conseil : la r\u00e9fection de la d\u00e9partementale 925 entre l&#8217;entr\u00e9e c\u00f4t\u00e9 Abbeville et la place. Des<\/p>\n","protected":false},"author":4,"featured_media":888,"comment_status":"open","ping_status":"open","sticky":false,"template":"","format":"standard","meta":{"footnotes":""},"categories":[3,8],"tags":[],"class_list":["post-959","post","type-post","status-publish","format-standard","has-post-thumbnail","hentry","category-accueil","category-conseilmunicipal"],"_links":{"self":[{"href":"https:\/\/www.saintriquierautrement.fr\/index.php\/wp-json\/wp\/v2\/posts\/959","targetHints":{"allow":["GET"]}}],"collection":[{"href":"https:\/\/www.saintriquierautrement.fr\/index.php\/wp-json\/wp\/v2\/posts"}],"about":[{"href":"https:\/\/www.saintriquierautrement.fr\/index.php\/wp-json\/wp\/v2\/types\/post"}],"author":[{"embeddable":true,"href":"https:\/\/www.saintriquierautrement.fr\/index.php\/wp-json\/wp\/v2\/users\/4"}],"replies":[{"embeddable":true,"href":"https:\/\/www.saintriquierautrement.fr\/index.php\/wp-json\/wp\/v2\/comments?post=959"}],"version-history":[{"count":2,"href":"https:\/\/www.saintriquierautrement.fr\/index.php\/wp-json\/wp\/v2\/posts\/959\/revisions"}],"predecessor-version":[{"id":962,"href":"https:\/\/www.saintriquierautrement.fr\/index.php\/wp-json\/wp\/v2\/posts\/959\/revisions\/962"}],"wp:featuredmedia":[{"embeddable":true,"href":"https:\/\/www.saintriquierautrement.fr\/index.php\/wp-json\/wp\/v2\/media\/888"}],"wp:attachment":[{"href":"https:\/\/www.saintriquierautrement.fr\/index.php\/wp-json\/wp\/v2\/media?parent=959"}],"wp:term":[{"taxonomy":"category","embeddable":true,"href":"https:\/\/www.saintriquierautrement.fr\/index.php\/wp-json\/wp\/v2\/categories?post=959"},{"taxonomy":"post_tag","embeddable":true,"href":"https:\/\/www.saintriquierautrement.fr\/index.php\/wp-json\/wp\/v2\/tags?post=959"}],"curies":[{"name":"wp","href":"https:\/\/api.w.org\/{rel}","templated":true}]}}