{"id":964,"date":"2024-07-12T20:22:25","date_gmt":"2024-07-12T18:22:25","guid":{"rendered":"https:\/\/www.saintriquierautrement.fr\/?p=964"},"modified":"2026-01-21T17:47:38","modified_gmt":"2026-01-21T16:47:38","slug":"conseil-municipal-du-4-juillet-2024-le-compte-rendu-des-elus-de-saint-riquier-autrement","status":"publish","type":"post","link":"https:\/\/www.saintriquierautrement.fr\/index.php\/2024\/07\/12\/conseil-municipal-du-4-juillet-2024-le-compte-rendu-des-elus-de-saint-riquier-autrement\/","title":{"rendered":"Conseil municipal du 4 juillet 2024, le compte-rendu des \u00e9lus de \u00ab\u00a0Saint-Riquier Autrement\u00a0\u00bb"},"content":{"rendered":"\n<p><\/p>\n\n\n\n<p><strong>Pr\u00e9sents&nbsp;:<\/strong> J.FARCY, V.LECOMTE, D.BALAVOINE, S.DUHEN, P.BUTEUX, C.DAMAGNEZ, L.NIVELLE, Y.MONIN, M-L.SAVREUX, H.LEVE, M. CAGNARD, , A.M BECHET<\/p>\n\n\n\n<p><strong>Absents excus\u00e9s<\/strong>&nbsp;: L. BALESDENT, L. JOSSE ayant donn\u00e9 pouvoir \u00e0 H. LEVE, J.MARTIN ayant donn\u00e9 pouvoir \u00e0 Y. MONIN<\/p>\n\n\n\n<p><strong>Secr\u00e9taire de s\u00e9ance&nbsp;:<\/strong> \/<\/p>\n\n\n\n<h2 class=\"wp-block-heading has-background\" style=\"background-color:#3bcef4\">Ordre du jour&nbsp;:<\/h2>\n\n\n\n<p><strong><u>Election du secr\u00e9taire de s\u00e9ance:<\/u><\/strong><\/p>\n\n\n\n<p>Pas de proposition de secr\u00e9taire de s\u00e9ance.<\/p>\n\n\n\n<p><strong><u>Approbation du PV de la r\u00e9union pr\u00e9c\u00e9dente&nbsp;:<\/u><\/strong><\/p>\n\n\n\n<p>Adopt\u00e9 \u00e0 l\u2019unanimit\u00e9<\/p>\n\n\n\n<p>Monsieur le maire demande \u00e0 ce que soit ajout\u00e9 \u00e0 l\u2019ordre du jour&nbsp;le point suivant: d\u00e9lib\u00e9ration indiquant le montant du cadeau remis aux allemands d\u2019un montant de 378 \u20ac. Ce point avait \u00e9t\u00e9 abord\u00e9 lors d\u2019un conseil pr\u00e9c\u00e9dent mais aucun montant n\u2019avait \u00e9t\u00e9 d\u00e9termin\u00e9.<\/p>\n\n\n\n<p>Adopt\u00e9 \u00e0 l\u2019unanimit\u00e9<\/p>\n\n\n\n<h2 class=\"wp-block-heading has-background\" style=\"background-color:#3bcef4\"><strong>Travaux RD 925 \u2013 Demande de subventions au D\u00e9partement<\/strong><\/h2>\n\n\n\n<p>Le maire indique que le projet a \u00e9t\u00e9 pr\u00e9sent\u00e9 \u00e0 la sous-pr\u00e9f\u00e8te ainsi qu\u2019\u00e0 la gendarmerie.<\/p>\n\n\n\n<p>Il y a 3 d\u00e9lib\u00e9rations \u00e0 prendre. Le co\u00fbt global est de <strong>179&nbsp;766<\/strong> <strong>\u20ac<\/strong><\/p>\n\n\n\n<ul class=\"wp-block-list\">\n<li>La sous-pr\u00e9f\u00e8te a accept\u00e9 une partie de mobilit\u00e9 douce\u00a0: passage pi\u00e9tons, acc\u00e8s pour les Personnes \u00e0 Mobilit\u00e9 R\u00e9duite (PMR). Montant de base\u00a0: <strong>49\u00a0836 \u20ac.<\/strong><\/li>\n\n\n\n<li>Part communale\u00a0: <strong>14\u00a0951 \u20ac<\/strong><\/li>\n\n\n\n<li>R\u00e9cup\u00e9ration des amendes de police\u00a0pour financer l\u2019\u00e9clairage et les feux de r\u00e9compense\u00a0: \u00a0co\u00fbt de 60 188\u20ac, 30% de subventions pour un montant de <strong>18\u00a0056 \u20ac.<\/strong><\/li>\n\n\n\n<li>Bordurage, peinture zones 30\u00a0: 40% du D\u00e9partement\u00a0: <strong>119\u00a0577<\/strong> \u20ac.<\/li>\n<\/ul>\n\n\n\n<p>Subvention attendue de <strong>47830 \u20ac<\/strong> TOTAL <strong>80&nbsp;838 \u20ac<\/strong>.<\/p>\n\n\n\n<p>Part communale&nbsp;: <strong>98&nbsp;927<\/strong> <strong>\u20ac<\/strong> HT (la TVA est r\u00e9cup\u00e9r\u00e9e).<\/p>\n\n\n\n<p class=\"has-background\" style=\"background-color:#f6d49e\"><strong>\/!\\<em> NDLR&nbsp;: SRA se f\u00e9licite d\u2019avoir plus qu\u2019insist\u00e9 pour que soit abord\u00e9 \/ port\u00e9 le projet de mobilit\u00e9 douce qui a \u00e9t\u00e9 act\u00e9, pour partie, par la sous-pr\u00e9f\u00e8te. Sans l\u2019intervention<\/em><\/strong><strong><em> <\/em><\/strong><strong><em>de vos \u00e9lus Daniel BALAVOINE et Val\u00e9rie LECOMTE ainsi que le collectif centulois, la route aurait \u00e9t\u00e9 refaite sans prendre en compte les besoins r\u00e9els et actuels des autres usagers de la route que sont les automobilistes.<\/em><\/strong><\/p>\n\n\n\n<p>Concernant la r\u00e9union publique, c\u2019est l\u2019entreprise s\u00e9lectionn\u00e9e par le D\u00e9partement qui fera la pr\u00e9sentation du projet. Monsieur le maire indique que les entreprises pouvaient candidater jusqu\u2019au 25 juin. Monsieur GRANDIN du D\u00e9partement informera la commune du candidat s\u00e9lectionn\u00e9.<\/p>\n\n\n\n<p><strong>Madame LECOMTE (SRA)<\/strong> demande si cette r\u00e9union pourra effectivement se tenir au regard des d\u00e9lais <\/p>\n\n\n\n<p class=\"has-background\" style=\"background-color:#f6d49e\"><em>NDLR\u00a0: rappel\u00a0=> d\u00e9but des travaux d\u00e9but ao\u00fbt<\/em>). Monsieur le maire indique que celle-ci pourrait se tenir apr\u00e8s le 14 juillet.<\/p>\n\n\n\n<p><strong>Madame LECOMTE (SRA)<\/strong> indique que la rue des poiriers risque d\u2019\u00eatre fortement emprunt\u00e9e mais que la configuration ne permet pas le passage simultan\u00e9 de deux v\u00e9hicules. Monsieur le maire indique que des d\u00e9viations seront mises en place par le D\u00e9partement.<\/p>\n\n\n\n<p>Sont pr\u00e9sent\u00e9es des photos avec le am\u00e9nagements pr\u00e9vus le long de la RD 925.<\/p>\n\n\n\n<p>Pour la tranche pr\u00e9vue en ao\u00fbt 2024, de l\u2019entr\u00e9e d\u2019agglom\u00e9ration en venant d\u2019Abbeville jusqu\u2019au monument aux morts, les feux de complaisance seront install\u00e9s avant le carrefour en venant d\u2019Abbeville, menant \u00e0 Intermarch\u00e9 (\u00e0 l\u2019emplacement de l\u2019ancien panneau d\u2019entr\u00e9e de Saint-Riquier, face \u00e0 l\u2019ancien caf\u00e9). Un autre sera situ\u00e9 non loin de chez M. et Mme RIVIERE (en allant sur Abbeville).<\/p>\n\n\n\n<figure class=\"wp-block-image size-full\"><img loading=\"lazy\" decoding=\"async\" width=\"605\" height=\"193\" src=\"http:\/\/www.saintriquierautrement.fr\/wp-content\/uploads\/2024\/07\/RD925_a_juil24.png\" alt=\"\" class=\"wp-image-965\" style=\"aspect-ratio:16\/9;object-fit:cover\" srcset=\"https:\/\/www.saintriquierautrement.fr\/wp-content\/uploads\/2024\/07\/RD925_a_juil24.png 605w, https:\/\/www.saintriquierautrement.fr\/wp-content\/uploads\/2024\/07\/RD925_a_juil24-300x96.png 300w\" sizes=\"auto, (max-width: 605px) 100vw, 605px\" \/><\/figure>\n\n\n\n<p>La tranche pr\u00e9vue en 2025\u00a0verront les travaux men\u00e9s du monument aux morts jusqu\u2019\u00e0 la fin d\u2019agglom\u00e9ration direction Neuville.<\/p>\n\n\n\n<p>En venant de Neuville direction Abbeville&nbsp;:<\/p>\n\n\n\n<figure class=\"wp-block-image size-full\"><img loading=\"lazy\" decoding=\"async\" width=\"277\" height=\"190\" src=\"http:\/\/www.saintriquierautrement.fr\/wp-content\/uploads\/2024\/07\/RD925_b_juil24.png\" alt=\"\" class=\"wp-image-966\" style=\"aspect-ratio:16\/9;object-fit:cover\"\/><\/figure>\n\n\n\n<p>En amont de ces feux seront install\u00e9es des panneaux indiquant la pr\u00e9sence de ces feux ainsi que des panneaux zone 30.<\/p>\n\n\n\n<p>Adopt\u00e9 \u00e0 l\u2019unanimit\u00e9<\/p>\n\n\n\n<h2 class=\"wp-block-heading has-background\" style=\"background-color:#3bcef4\"><strong>Encouragement \u00e0 la poursuite d\u2019\u00e9tudes sup\u00e9rieures\u00a0<\/strong><\/h2>\n\n\n\n<p>Monsieur le maire indique reconduire le dispositif pour cette ann\u00e9e.<\/p>\n\n\n\n<p><strong>Madame LECOMTE (SRA)<\/strong> demande si comme l\u2019ann\u00e9e derni\u00e8re le nouveau bachelier doit venir avec un certificat de scolarit\u00e9 indiquant qu\u2019il est en poursuite d\u2019\u00e9tudes + un RIB. Monsieur le maire d\u2019acquiescer.<\/p>\n\n\n\n<p>Adopt\u00e9 \u00e0 l\u2019unanimit\u00e9<\/p>\n\n\n\n<h2 class=\"wp-block-heading has-background\" style=\"background-color:#3bcef4\"><strong>Remboursement de carburant avanc\u00e9 pour le service technique\u00a0<\/strong><\/h2>\n\n\n\n<p>Monsieur le maire indique qu\u2019Intermarch\u00e9 \u00e9tait ferm\u00e9 et qu\u2019il a d\u00fb avancer les frais de carburant pour les v\u00e9hicules techniques. Montant <strong>284,29 \u20ac.<\/strong><\/p>\n\n\n\n<p><strong>Madame LECOMTE (SRA)<\/strong> demande s\u2019il n\u2019y a pas possibilit\u00e9 d\u2019installer une cuve ou faire des r\u00e9serves. Monsieur le maire indique qu\u2019il n\u2019y tient pas.<\/p>\n\n\n\n<p>Adopt\u00e9 \u00e0 l\u2019unanimit\u00e9<\/p>\n\n\n\n<h2 class=\"wp-block-heading has-background\" style=\"background-color:#3bcef4\"><strong>Elections\u00a0l\u00e9gislatives<\/strong><\/h2>\n\n\n\n<figure class=\"wp-block-image size-full is-resized\"><img loading=\"lazy\" decoding=\"async\" width=\"602\" height=\"270\" src=\"https:\/\/www.saintriquierautrement.fr\/wp-content\/uploads\/2024\/07\/Image3.png\" alt=\"\" class=\"wp-image-967\" style=\"width:880px;height:auto\" srcset=\"https:\/\/www.saintriquierautrement.fr\/wp-content\/uploads\/2024\/07\/Image3.png 602w, https:\/\/www.saintriquierautrement.fr\/wp-content\/uploads\/2024\/07\/Image3-300x135.png 300w, https:\/\/www.saintriquierautrement.fr\/wp-content\/uploads\/2024\/07\/Image3-600x270.png 600w\" sizes=\"auto, (max-width: 602px) 100vw, 602px\" \/><\/figure>\n\n\n\n<h2 class=\"wp-block-heading has-white-color has-text-color has-background has-link-color wp-elements-42e921a26c07433280d26188592c3bd2\" style=\"background-color:#054f62\">Informations \/ Questions diverses<\/h2>\n\n\n\n<h2 class=\"wp-block-heading has-text-color has-link-color wp-elements-79e4657be2c8a3bea2c3a55742fc63cb\" style=\"color:#054f62\">Scrutin du 30 juin 2024<\/h2>\n\n\n\n<ul class=\"wp-block-list\">\n<li><strong>Monsieur le maire<\/strong> indique qu\u2019il n\u2019y a pas eu d\u2019erreur lors du scrutin du 30 juin dernier. Il indique qu\u2019il faudrait que les conseillers soient vigilants aux personnes qui ne r\u00e9sident plus dans la commune mais qui pour autant continuent de voter \u00e0 Saint-Riquier. <strong>Madame LECOMTE (SRA)<\/strong> indique qu\u2019elle a des noms \u00e0 communiquer\u00a0; qu\u2019il n\u2019est pas normal que des personnes ne r\u00e9sidant plus dans la commune, depuis plusieurs ann\u00e9es pour certaines, ne soient pas radi\u00e9s d\u2019office.<\/li>\n<\/ul>\n\n\n\n<h2 class=\"wp-block-heading has-text-color has-link-color wp-elements-e25e08fe221414184094bc0346353f71\" style=\"color:#054f62\">Festivit\u00e9s du 14 juillet 2024<\/h2>\n\n\n\n<ul class=\"wp-block-list\">\n<li><strong>Monsieur le maire <\/strong>indique que tout le monde a d\u00fb recevoir le programme pour les festivit\u00e9s du 14 juillet. <strong>Madame LECOMTE (SRA)<\/strong> indique que celui-ci est trop petit. Madame DUHEN indique que cela co\u00fbte cher de faire des photocopies.<\/li>\n<\/ul>\n\n\n\n<h2 class=\"wp-block-heading has-text-color has-link-color wp-elements-966ace4938b4ba083cfcb37b8b5c3aac\" style=\"color:#054f62\">Festival de musique<\/h2>\n\n\n\n<ul class=\"wp-block-list\">\n<li><strong>Madame CAGNARD <\/strong>demande<strong> <\/strong>si les dates du festival sont connues. Monsieur le maire de lui r\u00e9pondre qu\u2019il se tiendra du 23 au 27 octobre. La billetterie ouvrira \u00e0 partir du mois de septembre et que les places seront num\u00e9rot\u00e9es.<\/li>\n<\/ul>\n\n\n\n<h2 class=\"wp-block-heading has-text-color has-link-color wp-elements-e5519b9b210481f49c7a3daabadefadc\" style=\"color:#054f62\">F\u00eate du Parc organis\u00e9 par le Parc Naturel R\u00e9gional dans le parc de l&#8217;Abbaye<\/h2>\n\n\n\n<ul class=\"wp-block-list\">\n<li><strong>Monsieur le maire <\/strong>indique qu\u2019il y a eu du monde lors de la f\u00eate du parc les 29 et 30 juin 2024.<\/li>\n<\/ul>\n\n\n\n<h2 class=\"wp-block-heading has-text-color has-link-color wp-elements-92caa95c67d9260decde4e2eca756bc6\" style=\"color:#054f62\">Support en bois \u00e0 la voie imp\u00e9riale<\/h2>\n\n\n\n<ul class=\"wp-block-list\">\n<li><strong>Madame LECOMTE (SRA) <\/strong>demande ce qu\u2019est le support en bois \u00e0 c\u00f4t\u00e9 du terrain de Monsieur GUILBERT et du transformateur Voie Imp\u00e9riale. Monsieur le maire de lui r\u00e9pondre que c\u2019est un panneau de la f\u00eate de la bi\u00e8re, que le Pr\u00e9sident du foot (<em>NDLR\u00a0: Hubert LEVE<\/em>) \u00e9tant pr\u00e9sent que je m\u2019adresse \u00e0 lui pour qu\u2019il le retire.<\/li>\n<\/ul>\n\n\n\n<h2 class=\"wp-block-heading has-text-color has-link-color wp-elements-4f6a2ac03e5ac4dadc8c92ba2f9de48e\" style=\"color:#054f62\">Effort demand\u00e9 \u00e0 la municipalit\u00e9 pour la f\u00eate du village<\/h2>\n\n\n\n<ul class=\"wp-block-list\">\n<li><strong>Madame LECOMTE (SRA) <\/strong>demande si c\u2019est le dernier conseil avant les cong\u00e9s d\u2019\u00e9t\u00e9. Monsieur le maire de r\u00e9pondre qu\u2019il y en aurait probablement un avant la f\u00eate du village en septembre. <strong>Madame LECOMTE (SRA)<\/strong> demande si cette ann\u00e9e il y aurait des autos tamponneuses pour les ados. <strong>Monsieur Daniel BALAVOINE (SRA)<\/strong> demande quel est le fonctionnement pour faire venir les man\u00e9giens. Monsieur le maire d\u2019indiquer que la commune ach\u00e8te environ 250 tickets qui sont distribu\u00e9s dans les bo\u00eetes aux lettres des enfants scolaris\u00e9s jusqu\u2019au CM2. Que lorsque la commune fait venir un forain lui sont r\u00e9gl\u00e9s les frais de d\u00e9placement, l\u2019eau, l\u2019\u00e9lectricit\u00e9 et le co\u00fbt de la prestation. Il indique s\u2019\u00eatre renseign\u00e9 aupr\u00e8s des forains lors de la f\u00eate de Domqueur. Mais que les man\u00e9giens s\u2019arrangent entre eux, c\u2019est une histoire de territoire et qu\u2019ils r\u00e9clamaient plus pour venir \u00e0 Saint-Riquier. Monsieur le maire indique qu\u2019il ne c\u00e8de pas au chantage de \u00ab\u00a0<em>ces gens-l\u00e0<\/em>\u00a0\u00bb. <strong>Madame LECOMTE (SRA)<\/strong> indique que la commune pourrait faire un effort pour les enfants du village.<\/li>\n<\/ul>\n\n\n\n<h2 class=\"wp-block-heading has-text-color has-link-color wp-elements-75f780b98fe6dab6d960ad69b880c518\" style=\"color:#054f62\">Equipement mobilier sur voie publique<\/h2>\n\n\n\n<ul class=\"wp-block-list\">\n<li><strong>Madame SAVREUX <\/strong>demande s\u2019il est possible de mettre un banc rue Michel. Monsieur le maire d\u2019indiquer que oui, se sera fait.<\/li>\n<\/ul>\n\n\n\n<h2 class=\"wp-block-heading has-text-color has-link-color wp-elements-88b9ad7d265364e0242985ae1f78fd5b\" style=\"color:#054f62\">Fonctionnement de la salle de sport<\/h2>\n\n\n\n<ul class=\"wp-block-list\">\n<li><strong>Monsieur le maire <\/strong>indique que le r\u00e8glement de la salle des sports a \u00e9t\u00e9 revu. Madame LECOMTE (SRA) demande quel est le fonctionnement de la salle de sport. Monsieur le maire de lui r\u00e9pondre qu\u2019il y a une liste d\u2019adh\u00e9rents qui a \u00e9t\u00e9 remise au Caf\u00e9 de l\u2019Abbaye, qui a bien voulu se faire le relai pour remettre les cl\u00e9s, mais qu\u2019il ne v\u00e9rifie pas les noms de la liste. Sauf qu\u2019il n\u2019y a pas que des enfants du village qui s\u2019y rendent et que les enfants jouent au ballon dans la salle et que cela d\u00e9t\u00e9riore les dalles situ\u00e9es au plafond.<\/li>\n<\/ul>\n\n\n\n<h2 class=\"wp-block-heading has-text-color has-link-color wp-elements-6c0ebc698549d818dbf0993ad76c6f72\" style=\"color:#054f62\">Participation au concours des maisons fleuries<\/h2>\n\n\n\n<ul class=\"wp-block-list\">\n<li><strong>Madame CAGNARD <\/strong>demande le nombre de participants aux maison fleuries. Madame BECHET d\u2019indiquer qu\u2019il y a 24 participants contre 33 l\u2019ann\u00e9e derni\u00e8re.<\/li>\n<\/ul>\n\n\n\n<p>Cl\u00f4ture de s\u00e9ance \u00e0 18 h 39.<\/p>\n\n\n\n<p><\/p>\n\n\n\n<p>Etablit par vos \u00e9lus de la liste \u00ab&nbsp;Saint-Riquier Autrement&nbsp;\u00bb&nbsp;:<\/p>\n\n\n\n<ul class=\"wp-block-list\">\n<li>Val\u00e9rie LECOMTE et Daniel BALAVOINE<\/li>\n\n\n\n<li>Publi\u00e9 le 12 juillet 2024<\/li>\n<\/ul>\n","protected":false},"excerpt":{"rendered":"<p>Pr\u00e9sents&nbsp;: J.FARCY, V.LECOMTE, D.BALAVOINE, S.DUHEN, P.BUTEUX, C.DAMAGNEZ, L.NIVELLE, Y.MONIN, M-L.SAVREUX, H.LEVE, M. CAGNARD, , A.M BECHET Absents excus\u00e9s&nbsp;: L. BALESDENT,<\/p>\n","protected":false},"author":4,"featured_media":968,"comment_status":"open","ping_status":"open","sticky":false,"template":"","format":"standard","meta":{"footnotes":""},"categories":[3,8],"tags":[],"class_list":["post-964","post","type-post","status-publish","format-standard","has-post-thumbnail","hentry","category-accueil","category-conseilmunicipal"],"_links":{"self":[{"href":"https:\/\/www.saintriquierautrement.fr\/index.php\/wp-json\/wp\/v2\/posts\/964","targetHints":{"allow":["GET"]}}],"collection":[{"href":"https:\/\/www.saintriquierautrement.fr\/index.php\/wp-json\/wp\/v2\/posts"}],"about":[{"href":"https:\/\/www.saintriquierautrement.fr\/index.php\/wp-json\/wp\/v2\/types\/post"}],"author":[{"embeddable":true,"href":"https:\/\/www.saintriquierautrement.fr\/index.php\/wp-json\/wp\/v2\/users\/4"}],"replies":[{"embeddable":true,"href":"https:\/\/www.saintriquierautrement.fr\/index.php\/wp-json\/wp\/v2\/comments?post=964"}],"version-history":[{"count":1,"href":"https:\/\/www.saintriquierautrement.fr\/index.php\/wp-json\/wp\/v2\/posts\/964\/revisions"}],"predecessor-version":[{"id":969,"href":"https:\/\/www.saintriquierautrement.fr\/index.php\/wp-json\/wp\/v2\/posts\/964\/revisions\/969"}],"wp:featuredmedia":[{"embeddable":true,"href":"https:\/\/www.saintriquierautrement.fr\/index.php\/wp-json\/wp\/v2\/media\/968"}],"wp:attachment":[{"href":"https:\/\/www.saintriquierautrement.fr\/index.php\/wp-json\/wp\/v2\/media?parent=964"}],"wp:term":[{"taxonomy":"category","embeddable":true,"href":"https:\/\/www.saintriquierautrement.fr\/index.php\/wp-json\/wp\/v2\/categories?post=964"},{"taxonomy":"post_tag","embeddable":true,"href":"https:\/\/www.saintriquierautrement.fr\/index.php\/wp-json\/wp\/v2\/tags?post=964"}],"curies":[{"name":"wp","href":"https:\/\/api.w.org\/{rel}","templated":true}]}}