{"id":981,"date":"2024-09-09T18:29:32","date_gmt":"2024-09-09T16:29:32","guid":{"rendered":"http:\/\/www.saintriquierautrement.fr\/?p=981"},"modified":"2026-01-21T17:48:05","modified_gmt":"2026-01-21T16:48:05","slug":"conseil-municipal-du-3-septembre-2024-le-compte-rendu-des-elus-de-saint-riquier-autrement","status":"publish","type":"post","link":"https:\/\/www.saintriquierautrement.fr\/index.php\/2024\/09\/09\/conseil-municipal-du-3-septembre-2024-le-compte-rendu-des-elus-de-saint-riquier-autrement\/","title":{"rendered":"Conseil municipal du 3 septembre 2024 : le compte-rendu des \u00e9lus de \u00ab\u00a0Saint-Riquier Autrement\u00a0\u00bb"},"content":{"rendered":"\n<p><\/p>\n\n\n\n<p><strong>Pr\u00e9sents&nbsp;:<\/strong> J.FARCY, V.LECOM.3+6TE, D.BALAVOINE, P.BUTEUX, C.DAMAGNEZ, Y.MONIN, M-L.SAVREUX, M. CAGNARD, A.M BECHET, L. JOSSE, J. MARTIN<\/p>\n\n\n\n<p><strong>Absents excus\u00e9s<\/strong>&nbsp;: H. LEVE ayant donn\u00e9 pouvoir \u00e0 Y. MONIN, S.DUHEN ayant donn\u00e9 pouvoir \u00e0 J. MARTIN<\/p>\n\n\n\n<p><strong>Absents&nbsp;: <\/strong>L.NIVELLE, L. BALESDENT<\/p>\n\n\n\n<p><strong>Secr\u00e9taire de s\u00e9ance&nbsp;:<\/strong> L. JOSSE<\/p>\n\n\n\n<h2 class=\"wp-block-heading has-background\" style=\"background-color:#51dbf7\">Information de la Mission Locale de Picardie Maritime<\/h2>\n\n\n\n<p>Monsieur le maire indique la pr\u00e9sence de deux personnes de la Mission Locale (ML) Picardie Maritime, venues parler de leur r\u00f4le et de leur mission. Le conseil municipal se d\u00e9roulera apr\u00e8s leur intervention.<\/p>\n\n\n\n<p>Sont pr\u00e9sentes Madame Sylvie NICOLAY, responsable du service jeunes et Madame Isabelle OSSELAER, charg\u00e9e des relations ext\u00e9rieures. Un dossier de la ML est remis aux \u00e9lus. Celui-ci comporte un rapport d\u2019activit\u00e9 et divers documents. Le r\u00f4le de la ML est d\u2019accompagner les jeunes de 16 \u00e0 26 ans sortis du syst\u00e8me scolaire, demandeurs d\u2019emploi ou les jeunes inactifs. La ML explique \u00eatre en lien avec l\u2019Education Nationale, France Travail et diverses associations. Le but \u00e9tant de cr\u00e9er du lien entre les diff\u00e9rents acteurs.<\/p>\n\n\n\n<p>La ML pr\u00e9sente le Contrat Engagement Jeunes (CEJ) en expliquant que certains b\u00e9n\u00e9ficiaires ont aid\u00e9 au d\u00e9m\u00e9nagement du Secours Catholique de la commune. Ce qui a permis \u00e0 un b\u00e9n\u00e9ficiaire de trouver sa voie. En effet un menuisier \u00e9tant sur place aux fins de r\u00e9fection des locaux, a donn\u00e9 le go\u00fbt de son m\u00e9tier \u00e0 un b\u00e9n\u00e9ficiaire qui suit d\u00e9sormais une formation en menuiserie.<\/p>\n\n\n\n<p>Le lien avec la commune est que la collectivit\u00e9 a les listes de jeunes de cette tranche d\u2019\u00e2ge et \u00e9galement pourrait \u00eatre inform\u00e9e des jeunes qui seraient \u00ab&nbsp;sans activit\u00e9&nbsp;\u00bb. La ML pourrait \u00e9tablir une permanence au sein de la commune si le besoin est exprim\u00e9 car il n\u2019est pas toujours \u00e9vident de pouvoir se d\u00e9placer, m\u00eame si Abbeville est proche.<\/p>\n\n\n\n<p>L\u2019accompagnement l\u2019est sur plusieurs th\u00e9matiques&nbsp;: logement, sant\u00e9, projet professionnel, emploi, formation\u2026 Concernant ce dernier volet (formation), la ML travaille en lien avec le proch\u2019info formation du Conseil R\u00e9gional.<\/p>\n\n\n\n<p>Il est \u00e9galement possible de devenir parrain ou marraine d\u2019un jeune. Cela leur redonne confiance en eux, le parrain ou la marraine peut \u00e9galement donner des conseils appuyer les jeunes dans leurs d\u00e9marches.<\/p>\n\n\n\n<p><strong>L\u2019intervention de la ML se terminant \u00e0 18h05, le conseil municipal d\u00e9bute<\/strong><\/p>\n\n\n\n<p>Ordre du jour&nbsp;:<\/p>\n\n\n\n<h2 class=\"wp-block-heading has-background\" style=\"background-color:#51dbf7\"><strong>Election du secr\u00e9taire de s\u00e9ance:<\/strong><\/h2>\n\n\n\n<p>Laurence JOSSE est nomm\u00e9e secr\u00e9taire de s\u00e9ance.<\/p>\n\n\n\n<p>Adopt\u00e9 13 voix<\/p>\n\n\n\n<h2 class=\"wp-block-heading has-background\" style=\"background-color:#51dbf7\"><strong>Approbation du PV de la r\u00e9union pr\u00e9c\u00e9dente\u00a0:<\/strong><\/h2>\n\n\n\n<p>Adopt\u00e9 13 voix<\/p>\n\n\n\n<h2 class=\"wp-block-heading has-background\" style=\"background-color:#51dbf7\"><strong>RD 925 \u2013 Convention de participation\u00a0financi\u00e8re avec le D\u00e9partement (enrob\u00e9 rouge):<\/strong><\/h2>\n\n\n\n<p>Les B\u00e2timents de France ont demand\u00e9 \u00e0 ce que soit pos\u00e9 du macadam rouge \u00e0 l\u2019intersection de la RD925 et de la RD 932. Une convention a \u00e9t\u00e9 pass\u00e9e avec le D\u00e9partement.<\/p>\n\n\n\n<p>Co\u00fbt pour la commune&nbsp;: <strong>4&nbsp;910,50 \u20ac<\/strong>.<\/p>\n\n\n\n<p><strong>Madame LECOMTE (SRA)<\/strong> demande ce qu\u2019il en est du tra\u00e7age des passages pi\u00e9tons. En effet la rentr\u00e9e scolaire ayant eu lieu la veille, cela s\u2019av\u00e8re dangereux pour les enfants mais \u00e9galement pour toute personne qui souhaiterait traverser. Monsieur le maire de r\u00e9pondre qu\u2019il y a un rejet du macadam et qu\u2019un d\u00e9lai d\u2019encore 3 semaines est n\u00e9cessaire avant de peindre les passages pi\u00e9tons. De m\u00eame, les feux n\u2019ont pas encore \u00e9t\u00e9 install\u00e9s. Tous les travaux devraient \u00eatre termin\u00e9s d\u2019ici la fin du mois de septembre.<\/p>\n\n\n\n<p><strong>Madame LECOMTE (SRA)<\/strong> indique qu\u2019il aurait tout de m\u00eame \u00e9t\u00e9 souhaitable qu\u2019un tra\u00e7age, ne serait-ce que provisoire, indiquant un passage prot\u00e9g\u00e9, m\u00eame en pointill\u00e9 \u00e9tait envisageable. Le maire d\u2019indiquer que ce n\u2019est pas possible. Il ajoute qu\u2019au regard des automobilistes et des vitesses constat\u00e9es, il a demand\u00e9 l\u2019intervention des forces de l\u2019ordre. Les contr\u00f4les vont donc s\u2019intensifier sur la commune.<\/p>\n\n\n\n<p><em>NDLR&nbsp;: le compte-rendu \u00e9tant r\u00e9alis\u00e9 le lendemain du conseil, il apparait qu\u2019un tra\u00e7age jaune a \u00e9t\u00e9 r\u00e9alis\u00e9 le mercredi matin aux arr\u00eats de bus, \u00e0 savoir l\u2019arr\u00eat \u00e0 Drugy et devant l\u2019ancien foyer pour tous. Le tra\u00e7age de couleur jaune pour les passages pi\u00e9tons \u00e9tait donc r\u00e9alisable. Comme quoi, tout est question de volont\u00e9\u2026<\/em><\/p>\n\n\n\n<p>Adopt\u00e9 13 voix<\/p>\n\n\n\n<h2 class=\"wp-block-heading has-background\" style=\"background-color:#51dbf7\"><strong>D\u00e9cision modificative\u00a0: amortissements compl\u00e9mentaires\u00a0:<\/strong><\/h2>\n\n\n\n<p>Cela concerne l\u2019extension du r\u00e9seau \u00e9lectrique pour le city stade.<\/p>\n\n\n\n<p><strong>1&nbsp;276 \u20ac <\/strong>\u00e0 amortir.<\/p>\n\n\n\n<p>Adopt\u00e9 13 voix<\/p>\n\n\n\n<h2 class=\"wp-block-heading has-background\" style=\"background-color:#51dbf7\"><strong>Renouvellement de la convention de gestion et suivi itin\u00e9raire de randonn\u00e9e\u00a0:<\/strong><\/h2>\n\n\n\n<p>Convention \u00e0 renouveler comme chaque ann\u00e9e. Subvention per\u00e7ue par le D\u00e9partement&nbsp;: <strong>589 \u20ac<\/strong>. Cela concerne le GR 123.<\/p>\n\n\n\n<p>Adopt\u00e9 13 voix<\/p>\n\n\n\n<h2 class=\"wp-block-heading has-background\" style=\"background-color:#51dbf7\"><strong>Cr\u00e9ation d\u2019un poste d\u2019Adjoint Administratif Principal de 2<sup>\u00e8me<\/sup> classe\u00a0:<\/strong><\/h2>\n\n\n\n<p>Justine BRAILLY (<em>NDLR&nbsp;: l\u2019actuelle secr\u00e9taire de mairie<\/em>) a demand\u00e9 une mutation dans une autre collectivit\u00e9. Les diff\u00e9rents candidats ont \u00e9t\u00e9 re\u00e7us par le maire et M. FARCY. Une vingtaine de candidatures a \u00e9t\u00e9 r\u00e9ceptionn\u00e9e. Madame Laurence DUBOS, travaillant actuellement pour diff\u00e9rentes collectivit\u00e9s, \u00e0 temps non complet, est recrut\u00e9e \u00e0 temps complet \u00e0 compter du 1<sup>er<\/sup> octobre.<\/p>\n\n\n\n<p>Madame Emilie LEJEUNE, actuellement en charge de La Poste et de l\u2019accueil du public, prend le poste de Madame BRAILLY et Madame DUBOS prend le poste de Madame LEJEUNE.<\/p>\n\n\n\n<p>L\u2019amplitude de La Poste passe de 9h00 \u00e0 12h00 sur la semaine.<\/p>\n\n\n\n<p>Adopt\u00e9 13 voix<\/p>\n\n\n\n<h2 class=\"wp-block-heading has-background\" style=\"background-color:#51dbf7\"><strong>Suppression d\u2019un poste d\u2019Adjoint Administratif:<\/strong><\/h2>\n\n\n\n<p>Monsieur le maire indique qu\u2019il doit saisir le comit\u00e9 technique.<\/p>\n\n\n\n<p><em>NDLR&nbsp;: le terme exact depuis d\u00e9cembre 2022 est Comit\u00e9 Social Territorial (CST). Le CST est une nouvelle instance de dialogue social, issue de la fusion entre les Comit\u00e9s Techniques (CT) et les Comit\u00e9s d\u2019Hygi\u00e8ne, de S\u00e9curit\u00e9 et des Conditions de Travail (CHSCT).<\/em><\/p>\n\n\n\n<h2 class=\"wp-block-heading has-background\" style=\"background-color:#51dbf7\"><strong>Modification du tableau des effectifs\u00a0:<\/strong><\/h2>\n\n\n\n<p>Monsieur le maire indique qu\u2019il doit saisir le comit\u00e9 technique.<\/p>\n\n\n\n<h2 class=\"wp-block-heading has-background\" style=\"background-color:#51dbf7\"><strong>Recrutement d\u2019agents non titulaires\u00a0(renouvellement):<\/strong><\/h2>\n\n\n\n<p>Monsieur le maire indique que Monsieur ROSE, 61 ans, actuellement en contrat au sein de la commune sera en retraite l\u2019ann\u00e9e prochaine. La commune ne percevant plus d\u2019aide pour son contrat souhaite le maintenir en contrat jusqu\u2019\u00e0 son d\u00e9part \u00e0 la retraite.<\/p>\n\n\n\n<p>Adopt\u00e9 13 voix<\/p>\n\n\n\n<h2 class=\"wp-block-heading has-background\" style=\"background-color:#51dbf7\"><strong>Assainissement collectif\u00a0: Rapport 2023\u00a0:<\/strong><\/h2>\n\n\n\n<p>La station d\u2019\u00e9puration fonctionne bien. Le rapport est \u00e0 disposition. Il faudra renouveler le contrat d\u2019assainissement pour janvier 2025. Un appel d\u2019offres doit \u00eatre lanc\u00e9.<\/p>\n\n\n\n<p>&nbsp;Il y eu des travaux concernant les r\u00e2teaux \u00e0 l\u2019entr\u00e9e de certaines maisons afin que celles-ci soient raccord\u00e9es au tout \u00e0 l\u2019\u00e9gout.<\/p>\n\n\n\n<p>Adopt\u00e9 13 voix<\/p>\n\n\n\n<h2 class=\"wp-block-heading has-light-gray-color has-text-color has-background has-link-color wp-elements-f475adfed07b99b76f1736e75ba1b4c7\" style=\"background-color:#1342bb\"><strong>Informations \/ Questions diverses:<\/strong><\/h2>\n\n\n\n<ul class=\"wp-block-list\">\n<li><\/li>\n<\/ul>\n\n\n\n<h4 class=\"wp-block-heading has-background\" style=\"background-color:#a2ee4b\">TOURISME<\/h4>\n\n\n\n<ul class=\"wp-block-list\">\n<li><strong>Monsieur le maire<\/strong> indique qu\u2019il a re\u00e7u un arr\u00eat\u00e9 de d\u00e9nomination touristique de Saint-Riquier. Une demande a \u00e9t\u00e9 faite pour que la commune soit qualifi\u00e9e de \u00ab\u00a0petite cit\u00e9\u00a0\u00bb.<\/li>\n<\/ul>\n\n\n\n<h4 class=\"wp-block-heading has-background\" style=\"background-color:#a2ee4b\">FESTIVAL DE MUSIQUE<\/h4>\n\n\n\n<ul class=\"wp-block-list\">\n<li><strong>Monsieur le maire <\/strong>indique que le Festival de Saint-Riquier pour l\u2019ann\u00e9e 2025 se tiendra du 6 au 13 juillet.<\/li>\n<\/ul>\n\n\n\n<h4 class=\"wp-block-heading has-background\" style=\"background-color:#a2ee4b\">FETE DE SAINT-RIQUIER<\/h4>\n\n\n\n<ul class=\"wp-block-list\">\n<li><strong>Monsieur le maire <\/strong>indique que les tickets de man\u00e8ge ont \u00e9t\u00e9 remis dans les bo\u00eetes aux lettres.<\/li>\n<\/ul>\n\n\n\n<p>Il rappelle le programme de la f\u00eate&nbsp;: 10h30 \u00e0 la salle des f\u00eates pour la remise des cadeaux aux \u00e9l\u00e8ves entrants en 6<sup>\u00e8me<\/sup>, la remise des prix pour les maisons fleuries et \u00e9pouvantails suivi de la comm\u00e9moration au Monument aux morts pour les victimes civiles de 1944, la pr\u00e9sence de la fanfare de Long qui jouera la Marseillaise et une aubade. S\u2019en suivra un pot au Caf\u00e9 de l\u2019Abbaye.<\/p>\n\n\n\n<p><strong>Monsieur BUTEUX<\/strong> demande s\u2019il y a eu beaucoup de victimes civiles. Le maire de lui r\u00e9pondre qu\u2019il a la liste avec les 11 noms qu\u2019il \u00e9num\u00e8re.<\/p>\n\n\n\n<p><strong>Monsieur BALAVOINE <\/strong>demande si la course devant avoir lieu samedi est maintenue du fait qu\u2019il n\u2019y ait que 15 cyclistes engag\u00e9s. Monsieur FARCY de r\u00e9pondre que c\u2019est comme l\u2019ann\u00e9e derni\u00e8re, il y avait peu d\u2019engag\u00e9s et au final il y a eu 25 coureurs. La course est donc maintenue. Monsieur FARCY ajoute que Monsieur LE BESQ lui a fait part du fait qu\u2019il manquait de signaleurs.<\/p>\n\n\n\n<h4 class=\"wp-block-heading has-background\" style=\"background-color:#a2ee4b\">NUMERIQUE &#8211; FIBRE<\/h4>\n\n\n\n<p><strong>Monsieur le maire <\/strong>indique qu\u2019une r\u00e9union publique se tiendra le 26 septembre prochain concernant la fibre en pr\u00e9sence de Karine SPALETTI de Attitude Infra Somme. Seront \u00e9galement convi\u00e9es les communes d\u2019Oneux, Coulonvillers et Maison Rolland.<\/p>\n\n\n\n<p>Arriv\u00e9e de Sophie DUHEN \u00e0 18h29<\/p>\n\n\n\n<h4 class=\"wp-block-heading has-background\" style=\"background-color:#a2ee4b\">RECYCLAGE<\/h4>\n\n\n\n<ul class=\"wp-block-list\">\n<li><strong>Madame CAGNARD <\/strong>demande o\u00f9 il est possible de jeter les radios. Monsieur FARCY de r\u00e9pondre que cela ne rel\u00e8ve pas de la Communaut\u00e9 de communes, tout comme le sont les pneus ou les t\u00f4les en amiante. La pharmacie ne le prend pas non plus.<\/li>\n<\/ul>\n\n\n\n<h4 class=\"wp-block-heading has-background\" style=\"background-color:#a2ee4b\">EXTENSION DE LA RESIDENCE AMSOM<\/h4>\n\n\n\n<ul class=\"wp-block-list\">\n<li><strong>Madame CAGNARD <\/strong>demande quand commenceront les travaux de l\u2019AMSOM. Monsieur le maire d\u2019indiquer que les B\u00e2timents de France ont refus\u00e9 le permis de construire, pr\u00e9f\u00e9rant que ce logement soit r\u00e9habilit\u00e9 plut\u00f4t que d\u00e9truit. Le maire indique les avoir appel\u00e9s pour leur expliqu\u00e9 l\u2019\u00e9tat d\u2019insalubrit\u00e9 dudit logement et les invite \u00e0 venir voir sur place. Il indique qu\u2019un rendez-vous est fix\u00e9 le 17 septembre prochain.<\/li>\n<\/ul>\n\n\n\n<h4 class=\"wp-block-heading has-background\" style=\"background-color:#a2ee4b\">SECURITE DU GROUPE SCOLAIRE<\/h4>\n\n\n\n<ul class=\"wp-block-list\">\n<li><strong>Madame LECOMTE (SRA) <\/strong>indique avoir \u00e9t\u00e9 sollicit\u00e9e par Monsieur LAMBERT, le directeur de l\u2019\u00e9cole, car devait \u00eatre chang\u00e9 un grillage dans la cour d\u2019\u00e9cole cet \u00e9t\u00e9, ce qui n\u2019est pas le cas. Ce grillage \u00e9tant coup\u00e9 et donc dangereux pour les enfants a \u00e9t\u00e9 s\u00e9curis\u00e9 par Monsieur LAMBERT dans l\u2019attente de son changement. Il est demand\u00e9 \u00e0 la commune s\u2019il est possible d\u2019installer, dans l\u2019attente, de la rubalise. Monsieur le maire est d\u2019accord. Monsieur le maire indique qu\u2019il y a \u00e9galement une pointe de b\u00e9ton dans la cour qui reste dangereuse.<\/li>\n<\/ul>\n\n\n\n<h4 class=\"wp-block-heading has-background\" style=\"background-color:#a2ee4b\">VOIE PUBLIQUE<\/h4>\n\n\n\n<ul class=\"wp-block-list\">\n<li><strong>Madame JOSSE <\/strong>indique que des branches de la maison de feu Monsieur G\u00e9rard SEILLIER d\u00e9passent sur la voie publique. Monsieur le maire d\u2019indiquer qu\u2019il y a trop d\u2019h\u00e9ritiers et qu\u2019il ne sait pas \u00e0 qui envoyer le courrier.<strong> <\/strong>Il va trouver et envoyer un courrier.<\/li>\n<\/ul>\n\n\n\n<p>Cl\u00f4ture de s\u00e9ance \u00e0 18 h 46.<\/p>\n\n\n\n<p>Etablit par vos \u00e9lus de la liste \u00ab&nbsp;Saint-Riquier Autrement&nbsp;\u00bb&nbsp;:<\/p>\n\n\n\n<ul class=\"wp-block-list\">\n<li>Val\u00e9rie LECOMTE et Daniel BALAVOINE<\/li>\n\n\n\n<li>Publi\u00e9 le 9 septembre 2024<\/li>\n<\/ul>\n","protected":false},"excerpt":{"rendered":"<p>Pr\u00e9sents&nbsp;: J.FARCY, V.LECOM.3+6TE, D.BALAVOINE, P.BUTEUX, C.DAMAGNEZ, Y.MONIN, M-L.SAVREUX, M. CAGNARD, A.M BECHET, L. JOSSE, J. MARTIN Absents excus\u00e9s&nbsp;: H. LEVE<\/p>\n","protected":false},"author":4,"featured_media":888,"comment_status":"open","ping_status":"open","sticky":false,"template":"","format":"standard","meta":{"footnotes":""},"categories":[3,8],"tags":[],"class_list":["post-981","post","type-post","status-publish","format-standard","has-post-thumbnail","hentry","category-accueil","category-conseilmunicipal"],"_links":{"self":[{"href":"https:\/\/www.saintriquierautrement.fr\/index.php\/wp-json\/wp\/v2\/posts\/981","targetHints":{"allow":["GET"]}}],"collection":[{"href":"https:\/\/www.saintriquierautrement.fr\/index.php\/wp-json\/wp\/v2\/posts"}],"about":[{"href":"https:\/\/www.saintriquierautrement.fr\/index.php\/wp-json\/wp\/v2\/types\/post"}],"author":[{"embeddable":true,"href":"https:\/\/www.saintriquierautrement.fr\/index.php\/wp-json\/wp\/v2\/users\/4"}],"replies":[{"embeddable":true,"href":"https:\/\/www.saintriquierautrement.fr\/index.php\/wp-json\/wp\/v2\/comments?post=981"}],"version-history":[{"count":1,"href":"https:\/\/www.saintriquierautrement.fr\/index.php\/wp-json\/wp\/v2\/posts\/981\/revisions"}],"predecessor-version":[{"id":982,"href":"https:\/\/www.saintriquierautrement.fr\/index.php\/wp-json\/wp\/v2\/posts\/981\/revisions\/982"}],"wp:featuredmedia":[{"embeddable":true,"href":"https:\/\/www.saintriquierautrement.fr\/index.php\/wp-json\/wp\/v2\/media\/888"}],"wp:attachment":[{"href":"https:\/\/www.saintriquierautrement.fr\/index.php\/wp-json\/wp\/v2\/media?parent=981"}],"wp:term":[{"taxonomy":"category","embeddable":true,"href":"https:\/\/www.saintriquierautrement.fr\/index.php\/wp-json\/wp\/v2\/categories?post=981"},{"taxonomy":"post_tag","embeddable":true,"href":"https:\/\/www.saintriquierautrement.fr\/index.php\/wp-json\/wp\/v2\/tags?post=981"}],"curies":[{"name":"wp","href":"https:\/\/api.w.org\/{rel}","templated":true}]}}